{"id":480,"date":"2018-02-08T12:07:43","date_gmt":"2018-02-08T12:07:43","guid":{"rendered":"http:\/\/yourspanishwindow.com\/blog\/?p=480"},"modified":"2018-08-02T20:18:55","modified_gmt":"2018-08-02T20:18:55","slug":"typische-spanische-ausdrucke","status":"publish","type":"post","link":"https:\/\/yourspanishwindow.com\/blog\/typische-spanische-ausdrucke","title":{"rendered":"Kennst du die typische spanische Ausdr\u00fccke? (Expresiones espa\u00f1olas)"},"content":{"rendered":"<p>\n<div class=\"kk-star-ratings\n            \"\n    data-payload=\"{&quot;id&quot;:&quot;480&quot;,&quot;slug&quot;:&quot;default&quot;,&quot;reference&quot;:&quot;shortcode&quot;,&quot;align&quot;:&quot;&quot;,&quot;count&quot;:&quot;9&quot;,&quot;readonly&quot;:&quot;&quot;,&quot;score&quot;:&quot;5&quot;,&quot;valign&quot;:&quot;&quot;,&quot;best&quot;:&quot;5&quot;,&quot;gap&quot;:&quot;0&quot;,&quot;greet&quot;:&quot;&quot;,&quot;legend&quot;:&quot;5\\\/5 - (9 votos)&quot;,&quot;size&quot;:&quot;0&quot;,&quot;width&quot;:&quot;0&quot;,&quot;_legend&quot;:&quot;{score}\\\/{best} - ({count} {votes})&quot;}\">\n    \n<div class=\"kksr-stars\">\n    \n<div class=\"kksr-stars-inactive\">\n            <div class=\"kksr-star\" data-star=\"1\" style=\"padding-right: 0px\">\n            \n\n<div class=\"kksr-icon\" style=\"width: 0px; height: 0px;\"><\/div>\n        <\/div>\n            <div class=\"kksr-star\" data-star=\"2\" style=\"padding-right: 0px\">\n            \n\n<div class=\"kksr-icon\" style=\"width: 0px; height: 0px;\"><\/div>\n        <\/div>\n            <div class=\"kksr-star\" data-star=\"3\" style=\"padding-right: 0px\">\n            \n\n<div class=\"kksr-icon\" style=\"width: 0px; height: 0px;\"><\/div>\n        <\/div>\n            <div class=\"kksr-star\" data-star=\"4\" style=\"padding-right: 0px\">\n            \n\n<div class=\"kksr-icon\" style=\"width: 0px; height: 0px;\"><\/div>\n        <\/div>\n            <div class=\"kksr-star\" data-star=\"5\" style=\"padding-right: 0px\">\n            \n\n<div class=\"kksr-icon\" style=\"width: 0px; height: 0px;\"><\/div>\n        <\/div>\n    <\/div>\n    \n<div class=\"kksr-stars-active\" style=\"width: 0px;\">\n            <div class=\"kksr-star\" style=\"padding-right: 0px\">\n            \n\n<div class=\"kksr-icon\" style=\"width: 0px; height: 0px;\"><\/div>\n        <\/div>\n            <div class=\"kksr-star\" style=\"padding-right: 0px\">\n            \n\n<div class=\"kksr-icon\" style=\"width: 0px; height: 0px;\"><\/div>\n        <\/div>\n            <div class=\"kksr-star\" style=\"padding-right: 0px\">\n            \n\n<div class=\"kksr-icon\" style=\"width: 0px; height: 0px;\"><\/div>\n        <\/div>\n            <div class=\"kksr-star\" style=\"padding-right: 0px\">\n            \n\n<div class=\"kksr-icon\" style=\"width: 0px; height: 0px;\"><\/div>\n        <\/div>\n            <div class=\"kksr-star\" style=\"padding-right: 0px\">\n            \n\n<div class=\"kksr-icon\" style=\"width: 0px; height: 0px;\"><\/div>\n        <\/div>\n    <\/div>\n<\/div>\n    \n<div class=\"kksr-legend\">\n            5\/5 - (9 votos)    <\/div>\n<\/div>\n Heute, in Your Spanisch Window, werden wir \u00fcber <strong>typische spanische Ausdr\u00fccke<\/strong> reden. Kennst du sie?<\/p>\n<h2>\u00a0<\/h2>\n<h2>Spanische Ausdr\u00fccke mit Tieren<\/h2>\n<p>&nbsp;<\/p>\n<h3>Eres m\u00e1s corto que el rabo de un conejo<\/h3>\n<p><strong>Die w\u00f6rtliche \u00dcbersetzung ins Deutsche w\u00e4re: <\/strong>\u201eDu bist k\u00fcrzer als der Schwanz eines Kaninchens.\u201c<\/p>\n<p><strong>Was man im Deutschen sagt:\u00a0 <\/strong>\u201eDu bist dumm wie Brot\u201c\u00a0 oder\u00a0\u201e<a href=\"https:\/\/de.wikipedia.org\/wiki\/Bohnenstroh#Dumm_wie_Bohnenstroh\" target=\"_blank\" rel=\"noopener\">Dumm wie\u00a0<b>Bohnenstroh.\u201c<\/b><\/a><\/p>\n<p>Der Schwanz eines Kaninchens ist sehr kurz und mit dieser spanischen Redensart meinen wir, dass eine Person nicht sehr intelligent ist oder dass diese Person etwas nicht versteht. Man sollte diesen Ausdruck nicht oft benutzen, weil man jemanden damit beileidigen k\u00f6nnte.<\/p>\n<p><a href=\"http:\/\/yourspanishwindow.com\/blog\/wp-content\/uploads\/2018\/02\/Ser-m\u00e1s-corto.jpg\" target=\"_blank\" rel=\"noopener\"><img class=\"aligncenter wp-image-602 size-large\" title=\"typische-spanische-ausdrucke-online-spanisch-lernen\" src=\"http:\/\/yourspanishwindow.com\/blog\/wp-content\/uploads\/2018\/02\/Ser-m\u00e1s-corto-1024x1024.jpg\" alt=\"Typische spanische Ausdr\u00fccke\" width=\"1024\" height=\"1024\" srcset=\"https:\/\/yourspanishwindow.com\/blog\/wp-content\/uploads\/2018\/02\/Ser-m\u00e1s-corto-1024x1024.jpg 1024w, https:\/\/yourspanishwindow.com\/blog\/wp-content\/uploads\/2018\/02\/Ser-m\u00e1s-corto-150x150.jpg 150w, https:\/\/yourspanishwindow.com\/blog\/wp-content\/uploads\/2018\/02\/Ser-m\u00e1s-corto-300x300.jpg 300w, https:\/\/yourspanishwindow.com\/blog\/wp-content\/uploads\/2018\/02\/Ser-m\u00e1s-corto-768x768.jpg 768w, https:\/\/yourspanishwindow.com\/blog\/wp-content\/uploads\/2018\/02\/Ser-m\u00e1s-corto-750x750.jpg 750w, https:\/\/yourspanishwindow.com\/blog\/wp-content\/uploads\/2018\/02\/Ser-m\u00e1s-corto.jpg 1080w\" sizes=\"(max-width: 1024px) 100vw, 1024px\" \/><\/a><\/p>\n<h3>\u00a0<\/h3>\n<h3>Estar como una cabra<\/h3>\n<p><strong>Die w\u00f6rtliche \u00dcbersetzung ins Deutsche w\u00e4re:\u00a0<\/strong>\u201eWie eine Ziege sein.\u201c\u00a0<\/p>\n<p><strong>Was man im Deutschen sagt:\u00a0<\/strong>\u201eEinen\u00a0Dachschaden\u00a0haben.\u201c\u00a0<\/p>\n<p>Wir verwenden die Redensart\u00a0estar como una cabra, wenn wir \u00fcber eine Person sprechen, die exzentrisch ist oder sich ein bisschen komisch benimmt.\u00a0<\/p>\n<p>Warum verwenden wir diese Metapher? Im Gegensatz zu L\u00e4mmern benehmen sich Zicklein ganz anders. W\u00e4hrend die kleinen L\u00e4mmer auch noch nach dem Abstillen bei ihren M\u00fcttern bleiben, entfernen sich Zicklein von den Ziegen und verlaufen sich dabei oft im Gestr\u00fcpp. Daher sind die (jungen) Ziegen im Vergleich zu den Schafen ein bisschen verr\u00fcckt.Wir verwenden die Ausdr\u00fcck <em>estar como una cabr<\/em>a, wenn wir \u00fcber eine Person reden, die exzentrisch ist oder sich ein bisschen komisch benihmt.\u00a0<\/p>\n<p><a href=\"http:\/\/yourspanishwindow.com\/blog\/wp-content\/uploads\/2018\/02\/Estar-como-cabra-expresiones-espa\u00f1olas-spanische-Ausdr\u00fccke.jpg\" target=\"_blank\" rel=\"noopener\"><img class=\"aligncenter wp-image-608 size-large\" title=\"typische-spanische-ausdrucke\" src=\"http:\/\/yourspanishwindow.com\/blog\/wp-content\/uploads\/2018\/02\/Estar-como-cabra-expresiones-espa\u00f1olas-spanische-Ausdr\u00fccke-1024x1024.jpg\" alt=\"Typische spanische Ausdr\u00fccke estar como una cabra\" width=\"1024\" height=\"1024\" srcset=\"https:\/\/yourspanishwindow.com\/blog\/wp-content\/uploads\/2018\/02\/Estar-como-cabra-expresiones-espa\u00f1olas-spanische-Ausdr\u00fccke-1024x1024.jpg 1024w, https:\/\/yourspanishwindow.com\/blog\/wp-content\/uploads\/2018\/02\/Estar-como-cabra-expresiones-espa\u00f1olas-spanische-Ausdr\u00fccke-150x150.jpg 150w, https:\/\/yourspanishwindow.com\/blog\/wp-content\/uploads\/2018\/02\/Estar-como-cabra-expresiones-espa\u00f1olas-spanische-Ausdr\u00fccke-300x300.jpg 300w, https:\/\/yourspanishwindow.com\/blog\/wp-content\/uploads\/2018\/02\/Estar-como-cabra-expresiones-espa\u00f1olas-spanische-Ausdr\u00fccke-768x768.jpg 768w, https:\/\/yourspanishwindow.com\/blog\/wp-content\/uploads\/2018\/02\/Estar-como-cabra-expresiones-espa\u00f1olas-spanische-Ausdr\u00fccke-750x750.jpg 750w, https:\/\/yourspanishwindow.com\/blog\/wp-content\/uploads\/2018\/02\/Estar-como-cabra-expresiones-espa\u00f1olas-spanische-Ausdr\u00fccke.jpg 1080w\" sizes=\"(max-width: 1024px) 100vw, 1024px\" \/><\/a><\/p>\n<h3>Estar en la edad del pavo<\/h3>\n<p><strong>Die w\u00f6rtliche \u00dcbersetzung ins Deutsche w\u00e4re:<\/strong> \u201eIm Alter des Truthahns sein\u201c<\/p>\n<p><strong>Was man im Deutschen sagt: <\/strong>\u201eIn\u00a0den\u00a0Flegeljahren\u00a0sein\u201c<\/p>\n<p>Diese Ausdr\u00fcck benutzt man\u00a0benutzt man f\u00fcr die Phase von der Kindheit bis zur Jugend. Sie bezieht sich auf Teenager, die sich ihrem Klischee entsprechend benehmen.<\/p>\n<p>Warum verwenden wir die Metapher mit dem Truthahn? Die Puter sind sehr\u00a0empfindlich bei Ver\u00e4nderungen (Klima, Licht, L\u00e4rm, etc.) und deswegen reagieren sie manchmal unverh\u00e4ltnism\u00e4\u00dfig. Zudem haben sie rote Stellen am Kopf. Einige\u00a0\u00c4hnlichkeiten haben auch Teenager auf dem Weg ins Erwachsenenalter.<\/p>\n<h3><a href=\"http:\/\/yourspanishwindow.com\/blog\/wp-content\/uploads\/2018\/02\/Estar-edad-pavo-expresiones-espa\u00f1olas.jpg\"><img class=\"aligncenter wp-image-605 size-large\" title=\"Estar-edad-pavo-expresiones-espa\u00f1olas-spanische-Ausdr\u00fccke\" src=\"http:\/\/yourspanishwindow.com\/blog\/wp-content\/uploads\/2018\/02\/Estar-edad-pavo-expresiones-espa\u00f1olas-1024x1024.jpg\" alt=\"Typische spanische Ausdr\u00fccke\" width=\"1024\" height=\"1024\" srcset=\"https:\/\/yourspanishwindow.com\/blog\/wp-content\/uploads\/2018\/02\/Estar-edad-pavo-expresiones-espa\u00f1olas-1024x1024.jpg 1024w, https:\/\/yourspanishwindow.com\/blog\/wp-content\/uploads\/2018\/02\/Estar-edad-pavo-expresiones-espa\u00f1olas-150x150.jpg 150w, https:\/\/yourspanishwindow.com\/blog\/wp-content\/uploads\/2018\/02\/Estar-edad-pavo-expresiones-espa\u00f1olas-300x300.jpg 300w, https:\/\/yourspanishwindow.com\/blog\/wp-content\/uploads\/2018\/02\/Estar-edad-pavo-expresiones-espa\u00f1olas-768x768.jpg 768w, https:\/\/yourspanishwindow.com\/blog\/wp-content\/uploads\/2018\/02\/Estar-edad-pavo-expresiones-espa\u00f1olas-750x750.jpg 750w, https:\/\/yourspanishwindow.com\/blog\/wp-content\/uploads\/2018\/02\/Estar-edad-pavo-expresiones-espa\u00f1olas.jpg 1080w\" sizes=\"(max-width: 1024px) 100vw, 1024px\" \/><\/a><\/h3>\n<h3>\u00a0<\/h3>\n<h3>Matar el gusanillo<\/h3>\n<p><strong>Die w\u00f6rtliche \u00dcbersetzung ins Deutsche w\u00e4re:\u00a0<\/strong>\u201eEin W\u00fcrmchen umbringen\u201c\u00a0<\/p>\n<p><em>Matar el gusanillo<\/em>\u00a0sagt man, wenn man Hunger hat, aber nicht so viel essen m\u00f6chte, dass man vor der n\u00e4chsten gr\u00f6\u00dferen Mahlzeit bereits satt ist. Deswegen isst man eine\u00a0Kleinigkeit. Man t\u00f6tet also diesen kleinen Hunger, das W\u00fcrmchen. \u00a0<\/p>\n<p>&nbsp;<\/p>\n<h3>Montar un pollo<\/h3>\n<p><strong>Die w\u00f6rtliche \u00dcbersetzung ins Deutsche w\u00e4re:\u00a0<\/strong>\u201eEin H\u00e4hnchen reiten\u201c\u00a0<\/p>\n<p><strong>Was man im Deutschen sagt:<\/strong>\u00a0\u201eEin\u00a0Fass\u00a0aufmachen\u201c\u00a0<\/p>\n<p>Diese Redensart kommt von dem Wort\u00a0<em>poyo<\/em>, eine\u00a0Steinbank, die sich damals am Hauseingang befand.\u00a0Das Wort\u00a0<em>poyo\u00a0<\/em>kommt seinerseits aus dem Lateinischen<em>\u00a0podium<\/em>. Im 19. Jahrhundert sprachen die Redner auf einem Podium. Manchmal waren die Leute nicht einverstanden mit dem, was sie h\u00f6rten und fingen einen Streit an. Deshalb sagt man \u201emontar un pollo\u201c (aber es hat gar nichts mit einem H\u00e4hnchen zu tun!)<\/p>\n<p>&nbsp;<\/p>\n<h3>No hay que mezclar churras con merinas<\/h3>\n<p><strong>Die w\u00f6rtliche \u00dcbersetzung ins Deutsche w\u00e4re:\u00a0<\/strong>\u201eMan darf Schafe nicht mit Merinoschafen mischen\u201c\u00a0<\/p>\n<p><strong>Was man im Deutschen sagt:<\/strong>\u00a0\u201e\u00c4pfel\u00a0mit Birnen vergleichen\u201c\u00a0<\/p>\n<p>Die Qualit\u00e4t der Wolle beider Schafe ist nicht dieselbe.<\/p>\n<p>Die Merinowolle ist viel wertvoller als die von Schafen. Eben deshalb darf man nicht beide Tiere oder ihre Wolle vermischen.<\/p>\n<p>&nbsp;<\/p>\n<h3>No ver tres en un burro<\/h3>\n<p><strong>Die w\u00f6rtliche \u00dcbersetzung ins Deutsche w\u00e4re:\u00a0<\/strong>\u201eNicht drei Personen auf einem Esel sehen\u201c\u00a0<\/p>\n<p><strong>Was man im Deutschen sagt:\u00a0<\/strong>\u201eBlind\u00a0wie\u00a0ein\u00a0Maulwurf\u00a0sein\u201c<\/p>\n<p>Man kann so schlecht sehen, dass man auch keine drei Persone auf einem Esel sehen kann.\u00a0<\/p>\n<p><a href=\"http:\/\/yourspanishwindow.com\/blog\/wp-content\/uploads\/2018\/02\/no-ver-tres-burro-expresiones-espa\u00f1olas-aprender-espa\u00f1ol-online.jpg\"><img class=\"aligncenter wp-image-614 size-large\" title=\"no-ver-tres-burro-expresiones-espa\u00f1olas-aprender-espa\u00f1ol-online\" src=\"http:\/\/yourspanishwindow.com\/blog\/wp-content\/uploads\/2018\/02\/no-ver-tres-burro-expresiones-espa\u00f1olas-aprender-espa\u00f1ol-online-1024x1024.jpg\" alt=\"Typische spanische Ausdr\u00fccke no ver tres en un burro\" width=\"1024\" height=\"1024\" srcset=\"https:\/\/yourspanishwindow.com\/blog\/wp-content\/uploads\/2018\/02\/no-ver-tres-burro-expresiones-espa\u00f1olas-aprender-espa\u00f1ol-online-1024x1024.jpg 1024w, https:\/\/yourspanishwindow.com\/blog\/wp-content\/uploads\/2018\/02\/no-ver-tres-burro-expresiones-espa\u00f1olas-aprender-espa\u00f1ol-online-150x150.jpg 150w, https:\/\/yourspanishwindow.com\/blog\/wp-content\/uploads\/2018\/02\/no-ver-tres-burro-expresiones-espa\u00f1olas-aprender-espa\u00f1ol-online-300x300.jpg 300w, https:\/\/yourspanishwindow.com\/blog\/wp-content\/uploads\/2018\/02\/no-ver-tres-burro-expresiones-espa\u00f1olas-aprender-espa\u00f1ol-online-768x768.jpg 768w, https:\/\/yourspanishwindow.com\/blog\/wp-content\/uploads\/2018\/02\/no-ver-tres-burro-expresiones-espa\u00f1olas-aprender-espa\u00f1ol-online-750x750.jpg 750w, https:\/\/yourspanishwindow.com\/blog\/wp-content\/uploads\/2018\/02\/no-ver-tres-burro-expresiones-espa\u00f1olas-aprender-espa\u00f1ol-online.jpg 1080w\" sizes=\"(max-width: 1024px) 100vw, 1024px\" \/><\/a><\/p>\n<h3>Tener vista de lince<\/h3>\n<p><strong>Die w\u00f6rtliche \u00dcbersetzung ins Deutsche w\u00e4re:\u00a0<\/strong>\u201eAugen\u00a0wie\u00a0ein\u00a0Luchs\u00a0haben\u201c\u00a0<\/p>\n<p><strong>Was man im Deutschen sagt:<\/strong>\u00a0\u201eAugen\u00a0wie\u00a0ein\u00a0Luchs\u00a0haben\u201c oder\u00a0\u201eAdleraugen\u00a0haben\u201c<\/p>\n<p>Sowohl der Luchs als auch der Adler k\u00f6nnen sehr gut sehen. Deswegen verwendet man diese Ausdr\u00fcck, wenn eine Person sehr gut sehen kann.<\/p>\n<p>&nbsp;<\/p>\n<h2>Spanische Ausdr\u00fccke mit\u00a0<strong>Lebensmitteln und Getr\u00e4nken<\/strong><\/h2>\n<p>&nbsp;<\/p>\n<h3>Al pan, pan y al vino, vino<\/h3>\n<p><strong>Die w\u00f6rtliche \u00dcbersetzung ins Deutsche w\u00e4re:\u00a0<\/strong>\u201eZu Brot, Brot und zu Wein, Wein\u201c\u00a0<\/p>\n<p><strong>Was man im Deutschen sagt:<\/strong>\u00a0\u201eDie\u00a0Dinge\u00a0beim\u00a0Namen\u00a0nennen\u201c<\/p>\n<p>Man benutzt diese Redensart, wenn man in aller Offenheit spricht. Man sagt ohne\u00a0Umschweife, was man sagen muss.<\/p>\n<p>&nbsp;<\/p>\n<h3>Estar hecho un flan<\/h3>\n<p><strong>Die w\u00f6rtliche \u00dcbersetzung ins Deutsche w\u00e4re:\u00a0<\/strong>\u201eWie einen Karamellpudding\u00a0sein\u201c\u00a0<\/p>\n<p><strong>Was man im Deutschen sagt:<\/strong>\u00a0\u201eDas\u00a0reinste\u00a0Nervenb\u00fcndel\u00a0sein\u201c<\/p>\n<p>Wisst ihr was ein <em>flan<\/em> ist? Ein <em>flan\u00a0<\/em>ist einen typischen Nachtisch in Spanien. Die Zutaten sind Eier, Milch, Zucker und Karamell. Ein Flan ist so wackelig wie ein Karamellpudding und so ein Gef\u00fchl haben wir auch, wenn wir nerv\u00f6s sind. Wir f\u00fchlen uns unsicher und zittern wie ein flan.\u00a0<\/p>\n<p>Beispiel: Luis est\u00e1 hecho un flan. Hoy le dicen si le dan el puesto de trabajo o no y est\u00e1 muy nervioso.\u00a0<\/p>\n<p>&nbsp;<\/p>\n<h3>Dar calabazas a alguien<\/h3>\n<p><strong>Die w\u00f6rtliche \u00dcbersetzung ins Deutsche w\u00e4re:\u00a0<\/strong>\u201eJdm. einen K\u00fcrbis geben\u201c\u00a0<\/p>\n<p><strong>Was man im Deutschen sagt:<\/strong>\u00a0\u201eJ<span class=\"idiom_proverb\"><acronym title=\"jemandem\">dm,<\/acronym>\u00a0die\u00a0kalte\u00a0Schulter\u00a0zeigen<\/span>\u201c oder\u00a0\u201e<span class=\"idiom_proverb\"><acronym title=\"jemandem\">jdm.<\/acronym>\u00a0einen Korb geben<\/span>\u201c<\/p>\n<p>Warum sagen die Spaniers <em>dar calabazas a alguien<\/em>? Warum benutzen sie das Wort K\u00fcrbis, wenn sie mit jemandem nichts zu tun haben m\u00f6chten? Es gibt verschiedene Theorien. Eine besagt, dass die Leute vor einigen\u00a0Jahrhunderten K\u00fcrbisse unter den Armen als Rettungsringe benutzten, wenn sie nicht schwimmen konnten. Wenn sie schon schwimmen konnten, brauchten sie keine K\u00fcrbisse mehr.\u00a0<\/p>\n<p>Eine andere Theorie besagt, dass der K\u00fcrbis f\u00fcr die\u00a0Griechen nicht als Aphrodisiakum galt. Jemandem einen K\u00fcrbis zu geben, bedeutet daher, eine Einladung auszusprechen, um die Person in Ruhe zu lassen<\/p>\n<p>&nbsp;<\/p>\n<h3>Dar la vuelta a la tortilla<\/h3>\n<p><strong>Die w\u00f6rtliche \u00dcbersetzung ins Deutsche w\u00e4re:\u00a0<\/strong>\u201eEine Tortilla wenden\u201c\u00a0<\/p>\n<p><strong>Was man im Deutschen sagt:<\/strong>\u00a0\u201eDas\u00a0Blatt\u00a0wendet sich\u201c<\/p>\n<p>Eine spanische Tortilla ist ein Gericht aus Eier, Kartoffeln und Zwiebel. Um sie richtig zu machen, muss man die Tortilla zweimal auf die Pfanne wenden und. Die Tortilla muss nicht zu lang auf die Pfanne sein, sonst wird sie verbrannt.\u00a0 Was heisst dann diese Redensart? <em>Dar la vuelta a la tortilla<\/em> sagt man, wenn sich eine aktuelle Situation grundlegend \u00e4ndert. Vom Guten zum Schlechten oder umgekehrt.\u00a0<\/p>\n<p>&nbsp;<\/p>\n<h3>Ir pisando huevos<\/h3>\n<p><strong>Was man im Deutschen sagt:<\/strong>\u00a0\u201eWie\u00a0auf\u00a0Eiern\u00a0gehen\u201c<\/p>\n<p>Stellt euch vor: Wie w\u00fcrdet ihr laufen, wenn ihr auf Eier gehen m\u00fcsstet? Warhscheinlich w\u00fcrdet ihr nicht m\u00f6gen, dass eure Schuhe schmutzig werden und deswegen w\u00fcrdet ihr sehr langsam und\u00a0ungleichm\u00e4\u00dfig gehen.\u00a0<\/p>\n<p>Wir sagen jemand<em>\u00a0va pisando huevos,<\/em> wenn diese Person sehr langsam oder ungeschickt geht.\u00a0<\/p>\n<p>Beispiel: \u00a1Hija, vas pisando huevos! As\u00ed vamos a llegar tarde al colegio.<\/p>\n<p><a href=\"http:\/\/yourspanishwindow.com\/blog\/typische-spanische-ausdrucke\/typische-spanische-ausdrucke-ir-pisando-huevos\" rel=\"attachment wp-att-680\"><img class=\"aligncenter wp-image-680 size-full\" title=\"typische-spanische-ausdrucke\" src=\"http:\/\/yourspanishwindow.com\/blog\/wp-content\/uploads\/2018\/02\/typische-spanische-ausdrucke-ir-pisando-huevos.jpg\" alt=\"Typische spanische Ausdr\u00fccke\" width=\"1080\" height=\"1080\" srcset=\"https:\/\/yourspanishwindow.com\/blog\/wp-content\/uploads\/2018\/02\/typische-spanische-ausdrucke-ir-pisando-huevos.jpg 1080w, https:\/\/yourspanishwindow.com\/blog\/wp-content\/uploads\/2018\/02\/typische-spanische-ausdrucke-ir-pisando-huevos-150x150.jpg 150w, https:\/\/yourspanishwindow.com\/blog\/wp-content\/uploads\/2018\/02\/typische-spanische-ausdrucke-ir-pisando-huevos-300x300.jpg 300w, https:\/\/yourspanishwindow.com\/blog\/wp-content\/uploads\/2018\/02\/typische-spanische-ausdrucke-ir-pisando-huevos-768x768.jpg 768w, https:\/\/yourspanishwindow.com\/blog\/wp-content\/uploads\/2018\/02\/typische-spanische-ausdrucke-ir-pisando-huevos-1024x1024.jpg 1024w, https:\/\/yourspanishwindow.com\/blog\/wp-content\/uploads\/2018\/02\/typische-spanische-ausdrucke-ir-pisando-huevos-750x750.jpg 750w\" sizes=\"(max-width: 1080px) 100vw, 1080px\" \/><\/a><\/p>\n<h3>\u00a0<\/h3>\n<h3>Ser del a\u00f1o de la pera<\/h3>\n<p><strong>Die w\u00f6rtliche \u00dcbersetzung ins Deutsche w\u00e4re:\u00a0<\/strong>\u201eVom Jahr der Birne sein\u201c\u00a0<\/p>\n<p><strong>Was man im Deutschen<\/strong><strong>\u00a0sagt:<\/strong>\u00a0\u201eViele Jahre auf dem Buckel haben\u201c<\/p>\n<p>Birnen gibt es schon sehr lange. Wenn wir diese Redensart benutzen, meinen wir, dass eine Person sehr alt ist.\u00a0<\/p>\n<p>Beispiel: Pap\u00e1, eres del a\u00f1o de la pera. La expresi\u00f3n \u201c\u00a1qu\u00e9 risa, t\u00eda Felisa! ya no se usa, est\u00e1 pasada de moda.<\/p>\n<h3>\u00a0<\/h3>\n<h3>Ser la leche<\/h3>\n<div class=\"dt-inner\">\n<div class=\"source\">\n<p><strong>Die w\u00f6rtliche \u00dcbersetzung ins Deutsche w\u00e4re:\u00a0<\/strong>\u201eMilch sein\u201c\u00a0<\/p>\n<p><strong>Was man im Deutschen sagt:<\/strong>\u00a0\u201eEine Wucht sein\u201c<\/p>\n<p>Diese Ausdruck benutzt man, wenn etwas entweder\u00a0au\u00dferordentlich gut ist oder\u00a0au\u00dferordentlich schlecht ist.\u00a0<\/p>\n<p>Beispiele:<\/p>\n<ul>\n<li>Juan, eres la leche. Me encanta la fiesta sorpresa que has preparado \ud83d\ude42<\/li>\n<li>Juan, eres la leche. Siempre te olvidas de nuestro aniversario \ud83d\ude41<\/li>\n<\/ul>\n<\/div>\n<div>\u00a0Mann auch <em>ser la ca\u00f1a<\/em> sagen.\u00a0<\/div>\n<\/div>\n<p>\u00a0Man sagt es im Deutschen nur, wenn etwas au\u00dferordentlich gut ist.<\/p>\n<p>&nbsp;<\/p>\n<h3>Ser pan comido<\/h3>\n<p><strong>Die w\u00f6rtliche \u00dcbersetzung ins Deutsche w\u00e4re:\u00a0<\/strong>\u201eGegessenes Brot sein\u201c\u00a0<\/p>\n<p><strong>Was man im Deutschen sagt:<\/strong>\u00a0\u201eKurze\u00a0Haare\u00a0sind bald gek\u00e4mmt\u201c oder\u00a0\u201ekinderleicht sein\u201c\u00a0<\/p>\n<p>Brot l\u00e4sst sich schnell essen, zum Beispiel auch das Pausenbrot auf dem Weg von der Schule nach Hause (bevor es \u00c4rger von Mama gibt).<\/p>\n<p>Wir verwenden diese Redensart, wenn eine Sache schnell und einfach erledigt werden kann.<\/p>\n<p>&nbsp;<\/p>\n<h3>Ser un bomb\u00f3n<\/h3>\n<p><strong>Die w\u00f6rtliche \u00dcbersetzung ins Deutsche w\u00e4re:\u00a0<\/strong>\u201eEine Praline sein\u201c\u00a0<\/p>\n<p><strong>Was man im Deutschen sagt:<\/strong>\u00a0\u201eZucker sein\u201c<\/p>\n<p>Eine Praline ist etwas S\u00fc\u00dfes. Wir sagen eine Person es un bomb\u00f3n, wenn die Person sehr gut aussieht. Aber pass auf! Da es umgangssprachlich ist, sollte man das nicht einfach zu allen Frauen\/M\u00e4nnern sagen.\u00a0<\/p>\n<p>&nbsp;<\/p>\n<h3>Ver el vaso (medio) vac\u00edo<\/h3>\n<p><strong>Die w\u00f6rtliche \u00dcbersetzung ins Deutsche w\u00e4re:\u00a0<\/strong>\u201eDas Glas (fast) leer sehen\u201c\u00a0<\/p>\n<p><strong>Was man im Deutschen sagt:<\/strong>\u00a0\u201eDas\u00a0Haar\u00a0in der Suppe suchen\/finden\u201c\u00a0oder \u201edas Glas ist halb leer\u201c<\/p>\n<p>Wenn ein Glas leer ist, haben wir nichts mehr zu trinken. Wenn wir durstig sind, ist die Situation noch schlimmer. Diese Ausdruck benutzt man, wenn man nur das Schlechte oder Negative sieht. Die Person hat eine\u00a0pessimistische Grundeinstellung.<\/p>\n<h2>\u00a0<a href=\"http:\/\/yourspanishwindow.com\/blog\/typische-spanische-ausdrucke\/typische-spanische-ausdrucke-ver-vaso-medio-vacio\" rel=\"attachment wp-att-672\"><img class=\"aligncenter wp-image-672 size-full\" title=\"typische-spanische-ausdrucke-ver-vaso-medio-vacio\" src=\"http:\/\/yourspanishwindow.com\/blog\/wp-content\/uploads\/2018\/02\/typische-spanische-ausdrucke-ver-vaso-medio-vacio.jpg\" alt=\"Typische spanische Ausdr\u00fccke ver el vaso medio vac\u00edo\" width=\"1080\" height=\"1080\" srcset=\"https:\/\/yourspanishwindow.com\/blog\/wp-content\/uploads\/2018\/02\/typische-spanische-ausdrucke-ver-vaso-medio-vacio.jpg 1080w, https:\/\/yourspanishwindow.com\/blog\/wp-content\/uploads\/2018\/02\/typische-spanische-ausdrucke-ver-vaso-medio-vacio-150x150.jpg 150w, https:\/\/yourspanishwindow.com\/blog\/wp-content\/uploads\/2018\/02\/typische-spanische-ausdrucke-ver-vaso-medio-vacio-300x300.jpg 300w, https:\/\/yourspanishwindow.com\/blog\/wp-content\/uploads\/2018\/02\/typische-spanische-ausdrucke-ver-vaso-medio-vacio-768x768.jpg 768w, https:\/\/yourspanishwindow.com\/blog\/wp-content\/uploads\/2018\/02\/typische-spanische-ausdrucke-ver-vaso-medio-vacio-1024x1024.jpg 1024w, https:\/\/yourspanishwindow.com\/blog\/wp-content\/uploads\/2018\/02\/typische-spanische-ausdrucke-ver-vaso-medio-vacio-750x750.jpg 750w\" sizes=\"(max-width: 1080px) 100vw, 1080px\" \/><\/a><\/h2>\n<h2>Historische spanische Ausdr\u00fccke<\/h2>\n<p>&nbsp;<\/p>\n<h3>A buenas horas, mangas verdes<\/h3>\n<p><strong>Die w\u00f6rtliche \u00dcbersetzung ins Deutsche w\u00e4re:\u00a0<\/strong>\u201eUm gute Uhrzeit, gr\u00fcne \u00c4rmel\u201c\u00a0<\/p>\n<p><strong>Was man im Deutschen sagt:<\/strong>\u00a0\u201eZu sp\u00e4t ist zu sp\u00e4t!\u201c<\/p>\n<p>Wisst ihr wer die <em>mangas verdes<\/em> waren? Die <em>mangas verdes<\/em> war eine Gruppe von der <em>Santa Hermandad<\/em>. Was war die <em>Santa Hermandad<\/em>? Die \u00dcbersetzung von <em>Santa Hermandad<\/em> ist\u00a0<a href=\"https:\/\/de.wikipedia.org\/wiki\/Santa_Hermandad\">Heilige Bruderschaft<\/a> und war die Polizeibeh\u00f6rde unter den Katholischen K\u00f6nigen, Isabella I. von Kastilien und Ferdinand II. von Aragonien (1479-1516). Die mangas verdes bekleideten sich in gr\u00fcn und mussten die Kriminellen verhaften. Normalerweise kamen sie immer zu sp\u00e4t und die Kriminellen konnten die Flucht ergreifen. Deswegen sagt man <em>\u00a1A buenas horas, mangas verdes!<\/em>, wenn eine Person endlich gekommen ist.<\/p>\n<p>&nbsp;<\/p>\n<h3>A todo cerdo le llega su San Mart\u00edn<\/h3>\n<p><strong>Die w\u00f6rtliche \u00dcbersetzung ins Deutsche w\u00e4re:\u00a0<\/strong>\u201eJedes Schwein bekommt sein San Mart\u00edn\u201c\u00a0<\/p>\n<p><strong>Was man im Deutschen sagt:<\/strong>\u00a0\u201eFr\u00fcher\u00a0oder\u00a0sp\u00e4ter\u00a0kriegt\u00a0jeder\u00a0sein\u00a0Fett weg\u201c<\/p>\n<div>\n<div dir=\"auto\">San Mart\u00edn ist eine\u00a0Festlichkeit, die man immer am 11. November in Asturien gefeiert wird. An dem Tag wird ein Schwein geschlachtet. Und darin liegt auch der Ursprung dieser Redensart. Sie bedeutet, dass jemand f\u00fcr sein schlechtes Benehmen fr\u00fcher oder sp\u00e4ter bestraft wird.<\/div>\n<\/div>\n<div dir=\"auto\">\u00a0<\/div>\n<h3>El que se fue a Sevilla perdi\u00f3 su silla<\/h3>\n<p><strong>Die w\u00f6rtliche \u00dcbersetzung ins Deutsche w\u00e4re:\u00a0<\/strong>\u201eEr, der nach Sevilla ging, verlor seinen Stuhl.\u201c<\/p>\n<p><strong>Was man im Deutschen sagt:<\/strong> \u201eWer zu sp\u00e4t kommt, den bestraft das Leben.\u201c<\/p>\n<p>Dieses spanische Sprichwort benutzt man, wenn man der Meinung ist, dass eine Person ihre Vorrechte oder Besitzt\u00fcmer verloren hat, weil sie zurzeit abwesend ist.<\/p>\n<div class=\"nH if\">\n<div class=\"nH aHU\">\n<div class=\"nH hx\">\n<div class=\"nH\" role=\"list\">\n<div class=\"h7 ie nH oy8Mbf\" tabindex=\"-1\" role=\"listitem\">\n<div class=\"Bk\">\n<div class=\"G3 G2\">\n<div id=\":lf\">\n<div class=\"adn ads\" data-message-id=\"1616ce4df3e70d05\" data-legacy-message-id=\"1616ce4df3e70d05\">\n<div class=\"gs\">\n<div id=\":li\" class=\"ii gt \">\n<div id=\":lh\" class=\"a3s aXjCH m1616ce4df3e70d05\">\n<div dir=\"auto\">Dieses Sprichwort basiert auf\u00a0einem\u00a0historischen Ereignis w\u00e4hrend des\u00a0K\u00f6nigtums von Enrique IV (1425-1474), K\u00f6nig von Kastilien. Damals gab es einen Konflikt zwischen zwei\u00a0Erzbisch\u00f6fen, Alonso de Fonseca el Viejo y Alonso de Fonseca el Mozo, die Onkel und Neffe waren.<\/div>\n<div dir=\"auto\">\n<p>Im Jahr 1460 hatte der Neffe Probleme in Galicien und<\/p>\n<p>und bat seinen Onkel um Hilfe. Daraufhin ging Alonso de Fonseca el Viejo nach Galicien. Sein Neffe blieb im dem\u00a0Erzbistum seines Onkels, in Sevilla, und wartete dort auf ihn.<\/p>\n<p>Als der Onkel zur\u00fcckkehrte, wollte sein Neffe ihm seinen\u00a0erzbisch\u00f6flichen Stuhl nicht wiedergeben. Diese Situation l\u00f6ste eine Konfrontation aus und man musste den Papst und den K\u00f6nig hinzuziehen.\u00a0<\/p>\n<\/div>\n<p>Die Abwesenheit schadet der Person, die nach Sevilla ging. Die abwesende Person wird gesch\u00e4digt.<\/p>\n<p>Kinder benutzen manchmal diesen Ausdruck, wenn sie sich z.B. auf den Beifahrersitz im Auto setzen m\u00f6chten, der aber eigentlich f\u00fcr die Mutter oder den Vater bestimmt ist. Wenn diese zu sp\u00e4t kommen, d\u00fcrfen sie sich von ihren Kindern folgendes anh\u00f6ren:<em> \u00a1El que fue a Sevilla perdi\u00f3 su silla!\u00a0<\/em><\/p>\n<p>&nbsp;<\/p>\n<\/div>\n<\/div>\n<\/div>\n<\/div>\n<\/div>\n<\/div>\n<\/div>\n<\/div>\n<\/div>\n<\/div>\n<\/div>\n<\/div>\n<h3>Estar en Babia<\/h3>\n<p><strong>Die w\u00f6rtliche \u00dcbersetzung ins Deutsche w\u00e4re:\u00a0<\/strong>\u201eIn Babia sein\u201c\u00a0<\/p>\n<p><strong>Was man im Deutschen sagt:<\/strong>\u00a0\u201eL\u00f6cher\u00a0in\u00a0die\u00a0Luft\u00a0starren\u201c<\/p>\n<p>Babia ist eine Gegend in Nordspanien. Damals waren immer die K\u00f6nige aus Le\u00f3n dort, wenn sie jagen wollten. Wenn die Leute, nach den K\u00f6nigen gefragt haben, haben sie immer als Antwort <a href=\"http:\/\/dle.rae.es\/?id=4ia1kp9\" target=\"_blank\" rel=\"noopener\"><em>est\u00e1n en Babia<\/em><\/a> bekommen.<\/p>\n<p>Diese Ausdruck benutzt man, wenn eine Person unaufmerksam oder\u00a0geistesabwesend\u00a0ist.\u00a0<\/p>\n<p>&nbsp;<\/p>\n<h3>Hablando del rey de Roma\u00a0(que por la puerta asoma)\u00a0<\/h3>\n<p><strong>Die w\u00f6rtliche \u00dcbersetzung ins Deutsche w\u00e4re<\/strong>: \u201e\u00dcber den K\u00f6nig von Rom reden (der gerade durch die T\u00fcr kommt)\u201c<\/p>\n<p><strong>Was man im Deutschen sagt:<\/strong> \u201eWenn\u00a0man\u00a0vom\u00a0Teufel\u00a0spricht\u201c<\/p>\n<div dir=\"auto\">\n<p>Der Ursprung hat gar nichts mit einem K\u00f6nig zu tun, sondern mit dem Papst (Rom hatte keinen K\u00f6nig). Dieser Ausdruck ist aus dem ruin de Roma (der gemeine Mensch aus Rom) entstanden \u2013 gemeint ist die Epoche des\u00a0Papsttums von Avi\u00f1on. Die Leute haben diesen Papst immer f\u00fcr den Teufel gehalten. Diese Redensart kann man auch in dem Buch Leyendas von Gustavo Adolfo B\u00e9cquer finden.\u00a0<\/p>\n<p>Wann verwenden wir diesen Ausdruck? Wenn wir \u00fcber jemanden reden, der genau in dem Moment kommt, wenn man von ihm spricht.<\/p>\n<p><a href=\"http:\/\/yourspanishwindow.com\/blog\/typische-spanische-ausdrucke\/typische-spanische-ausdrucke-hablando-rey-roma\" rel=\"attachment wp-att-681\"><img class=\"aligncenter wp-image-681 size-full\" title=\"typische-spanische-ausdrucke-hablando-rey-roma\" src=\"http:\/\/yourspanishwindow.com\/blog\/wp-content\/uploads\/2018\/02\/typische-spanische-ausdrucke-hablando-rey-roma.jpg\" alt=\"Typische spanische Ausdr\u00fccke Hablando del rey de Roma\" width=\"1080\" height=\"1080\" srcset=\"https:\/\/yourspanishwindow.com\/blog\/wp-content\/uploads\/2018\/02\/typische-spanische-ausdrucke-hablando-rey-roma.jpg 1080w, https:\/\/yourspanishwindow.com\/blog\/wp-content\/uploads\/2018\/02\/typische-spanische-ausdrucke-hablando-rey-roma-150x150.jpg 150w, https:\/\/yourspanishwindow.com\/blog\/wp-content\/uploads\/2018\/02\/typische-spanische-ausdrucke-hablando-rey-roma-300x300.jpg 300w, https:\/\/yourspanishwindow.com\/blog\/wp-content\/uploads\/2018\/02\/typische-spanische-ausdrucke-hablando-rey-roma-768x768.jpg 768w, https:\/\/yourspanishwindow.com\/blog\/wp-content\/uploads\/2018\/02\/typische-spanische-ausdrucke-hablando-rey-roma-1024x1024.jpg 1024w, https:\/\/yourspanishwindow.com\/blog\/wp-content\/uploads\/2018\/02\/typische-spanische-ausdrucke-hablando-rey-roma-750x750.jpg 750w\" sizes=\"(max-width: 1080px) 100vw, 1080px\" \/><\/a><\/p>\n<\/div>\n<h3>Irse por los Cerros de \u00dabeda<\/h3>\n<p><strong>Die w\u00f6rtliche \u00dcbersetzung ins Deutsche w\u00e4re:\u00a0<\/strong>\u201eDurch die H\u00fcgel von \u00dabeda gehen\u201c\u00a0<\/p>\n<p><strong>Was man im Deutschen sagt:<\/strong>\u00a0\u201eVom\u00a0Thema\u00a0abkommen\u201c<\/p>\n<p>Warhscheinlich ist dir das auch passiert: Du wolltest etwas sagen, aber bist trotzdem von Thema abgekommen. Wenn du in Spanien w\u00e4rst, w\u00fcrde dir jemanden sagen: <em>\u00a1No te vayas por los Cerros de \u00dabeda! <\/em><\/p>\n<p>Aber was ist der Ursprung dieser Redensart? Um das zu erfahren, m\u00fcssen wir ins 13. Jahrhundert zur\u00fcckgehen, einige Jahre vor der Schlacht Las Navas de Tolosa. In Ja\u00e9n gab es einen Konflikt zwischen den Christen und den Almohaden. \u00c1lvar Fa\u00f1ez, einer der Hauptm\u00e4nner von K\u00f6nig Fernando III, verschwand bevor der Konflikt begann und kam zur\u00fcck, nachdem die Stadt erobert worden ist. \u00c1lvar Fa\u00f1ez sagte, dass er sich in den H\u00fcgeln verlaufen hatte. Das war aber nur eine Ausrede. In Wirklichkeit war er mit einer Morisken zusammen. Die Leute durchschauten das und lachten ihn aus, weil man sich nicht in den H\u00fcgeln verlaufen konnte. Statt zu k\u00e4mpfen, wollte er lieber Spa\u00df haben.<\/p>\n<p>Seitdem wird dieser Ausdruck verwendet, wenn jemand vom Thema abkommt.<\/p>\n<p>&nbsp;<\/p>\n<div dir=\"auto\">\n<p>&nbsp;<\/p>\n<\/div>\n<h2>Andere spanische Ausdr\u00fccke<\/h2>\n<p>&nbsp;<\/p>\n<h3>Hacerse el sueco<\/h3>\n<p><strong>Die w\u00f6rtliche \u00dcbersetzung ins Deutsche w\u00e4re<\/strong>: \u201eSich wie ein Schwede verhalten\u201c<\/p>\n<p><strong>Was man im Deutschen sagt:<\/strong> \u201eSich\u00a0dumm\u00a0stellen\u201c oder \u201edastehen wie\u00a0\u00d6lg\u00f6tzen\u201c<\/p>\n<div dir=\"auto\">\n<p>Der Ursprung von <em>hacerse el sueco<\/em> kommt von dem Wort <em>soccus<\/em>, eine Pantoffel, die Komiker in dem alten r\u00f6mischen Teather benutzten. Von diesem Wort kommen die W\u00f6rter <em>zueco<\/em> (Holzschuh) und <em>zoquete<\/em> (ein kurzer und breiter Holzklotz). Dieses Wort benutzt man auch, wenn man ein bisschen ungeschickt oder begriffsstutzig ist. Deswegen sagt man <em>hacerse el sueco<\/em>, wenn eine Person stumm oder dumm herumsteht oder etwas macht, was man nicht von ihr erwartet.\u00a0<\/p>\n<p>Einige sagen, dass dieser Ausdruck von den schwedischen Seem\u00e4nnern kommt, die die spanischen H\u00e4fen \u00fcberfielen. Sie profitierten von dieser Situation, weil sie die spanische Sprache nicht kannten und verstanden nur das, was sie verstehen wollten.\u00a0<\/p>\n<p>&nbsp;<\/p>\n<\/div>\n<h3>En casa hasta el culo descansa<\/h3>\n<p><strong>Die w\u00f6rtliche \u00dcbersetzung ins Deutsche w\u00e4re<\/strong>: \u201eZu Hause bis sich der Po sich erholen kann\u201c<\/p>\n<p><strong>Was man im Deutschen sagt:<\/strong> \u201eAuf der faulen\u00a0Haut\u00a0liegen\u201c<\/p>\n<p>Diesen Ausdruck benutzt meine Oma sehr oft. Deshalb m\u00fcsste sie ihn eigentlich hier beschreiben \ud83d\ude42\u00a0<\/p>\n<p>Viel muss man nicht erkl\u00e4ren: zu Hause k\u00f6nnen wir uns alle entspannen und die Arbeit ruhen lassen.\u00a0<\/p>\n<p>&nbsp;<\/p>\n<h3>\u00c9ramos pocos y pari\u00f3 la abuela<\/h3>\n<p><strong>Die w\u00f6rtliche \u00dcbersetzung ins Deutsche w\u00e4re<\/strong>: \u201eWir waren wenige und dann brachte die Oma ein Kind auf die Welt\u201c<\/p>\n<p><strong>Was man im Deutschen sagt:<\/strong> \u201eDer\/die\u00a0hatte\u00a0uns\u00a0gerade\u00a0noch gefehlt.\u201c<\/p>\n<p>Diesen\u00a0sarkastischen Ausdruck verwenden wir, wenn wir schon zu viele sind (<em>\u00e9ramos pocos<\/em> oder wir waren wenige ist voller Ironie) und noch weitere Personen hinzukommen.\u00a0<strong>\u00a0<\/strong>Manchmal benutzt man diese Redensart auch,<strong>\u00a0<\/strong>wenn etwas Negatives \u00fcberhandnimmt.<\/p>\n<p>&nbsp;<\/p>\n<h3>Esto me suena a chino<\/h3>\n<p><strong>Die w\u00f6rtliche \u00dcbersetzung ins Deutsche w\u00e4re<\/strong>: \u201eDas klingt nach Chinesisch.\u201c<\/p>\n<p><strong>Was man im Deutschen sagt:<\/strong> \u201eDas kommt mit Spanisch vor\u201c oder \u201enur\u00a0Bahnhof\u00a0verstehen.\u201c<\/p>\n<p>Diesen Ausdruck benutzt man, wenn man nichts versteht, zum Beispiel, wenn jemand eine andere Sprache spricht. Den Ursprung von \u201enur\u00a0Bahnhof\u00a0verstehen\u201c finde ich sehr interessant. Er stammt aus dem\u00a0Ersten Weltkrieg. Die Soldaten wollten nur das Wort \u201eBahnhof\u201c h\u00f6ren, weil das bedeutet h\u00e4tte, dass sie endlich nach Hause gehen konnten.\u00a0<\/p>\n<p>&nbsp;<\/p>\n<h2>Kanntest du diese typischen spanischen Ausdr\u00fccke? Wenn du einen anderen kennst, der dir gef\u00e4llt, schreib ihn doch in einen Kommentar \ud83d\ude42<\/h2>\n<p>&nbsp;<\/p>\n<p>Wenn ihr eure Spanischkenntnisse verbessern wollt, geht zu\u00a0<a href=\"http:\/\/www.yourspanishwindow.com\/\" target=\"_blank\" rel=\"noopener\">www.yourspanishwindow.com<\/a>. Da biete ich Spanischunterricht online an\u00a0?\u00a0<\/p>\n","protected":false},"excerpt":{"rendered":"<p>5\/5 &#8211; (9 votos) Heute, in Your Spanisch Window, werden wir \u00fcber typische spanische Ausdr\u00fccke reden. Kennst du sie? \u00a0 Spanische Ausdr\u00fccke mit Tieren &nbsp; Eres m\u00e1s corto que el&hellip;<a href=\"https:\/\/yourspanishwindow.com\/blog\/typische-spanische-ausdrucke\" class=\"more-link\">Contin\u00faa leyendo <span class=\"screen-reader-text\">Kennst du die typische spanische Ausdr\u00fccke? (Expresiones espa\u00f1olas)<\/span><\/a><\/p>\n","protected":false},"author":2,"featured_media":673,"comment_status":"open","ping_status":"open","sticky":false,"template":"","format":"standard","meta":{"spay_email":""},"categories":[2,7,12,43],"tags":[44,32,38],"yoast_head":"<!-- This site is optimized with the Yoast SEO plugin v18.1 - https:\/\/yoast.com\/wordpress\/plugins\/seo\/ -->\n<title>Kennst du die typische spanische Ausdr\u00fccke? (Expresiones espa\u00f1olas)<\/title>\n<meta name=\"description\" content=\"Typische spanische Ausdr\u00fccke. Expresiones espa\u00f1olas t\u00edpicas. Spanische Ausdr\u00fccke mit Tieren. Spanische Ausdr\u00fccke mit\u00a0Lebensmitteln und Getr\u00e4nken Historische Ausdr\u00fccke. Andere Ausdr\u00fccke. Online Spanisch lernen.\" \/>\n<meta name=\"robots\" content=\"index, follow, max-snippet:-1, max-image-preview:large, max-video-preview:-1\" \/>\n<link rel=\"canonical\" href=\"https:\/\/yourspanishwindow.com\/blog\/typische-spanische-ausdrucke\" \/>\n<meta property=\"og:locale\" content=\"es_ES\" \/>\n<meta property=\"og:type\" content=\"article\" \/>\n<meta property=\"og:title\" content=\"Kennst du die typische spanische Ausdr\u00fccke? (Expresiones espa\u00f1olas)\" \/>\n<meta property=\"og:description\" content=\"Typische spanische Ausdr\u00fccke. Expresiones espa\u00f1olas t\u00edpicas. Spanische Ausdr\u00fccke mit Tieren. Spanische Ausdr\u00fccke mit\u00a0Lebensmitteln und Getr\u00e4nken Historische Ausdr\u00fccke. Andere Ausdr\u00fccke. Online Spanisch lernen.\" \/>\n<meta property=\"og:url\" content=\"https:\/\/yourspanishwindow.com\/blog\/typische-spanische-ausdrucke\" \/>\n<meta property=\"og:site_name\" content=\"BLOG Your Spanish Window\" \/>\n<meta property=\"article:publisher\" content=\"https:\/\/www.facebook.com\/yourspanishwindow\/\" \/>\n<meta property=\"article:published_time\" content=\"2018-02-08T12:07:43+00:00\" \/>\n<meta property=\"article:modified_time\" content=\"2018-08-02T20:18:55+00:00\" \/>\n<meta property=\"og:image\" content=\"https:\/\/yourspanishwindow.com\/blog\/wp-content\/uploads\/2018\/02\/PORTADA-typische-spanische-ausdrucke.jpg\" \/>\n\t<meta property=\"og:image:width\" content=\"940\" \/>\n\t<meta property=\"og:image:height\" content=\"788\" \/>\n\t<meta property=\"og:image:type\" content=\"image\/jpeg\" \/>\n<meta name=\"twitter:card\" content=\"summary_large_image\" \/>\n<meta name=\"twitter:label1\" content=\"Escrito por\" \/>\n\t<meta name=\"twitter:data1\" content=\"Mar\u00eda Mart\u00edn Sierra\" \/>\n\t<meta name=\"twitter:label2\" content=\"Tiempo de lectura\" \/>\n\t<meta name=\"twitter:data2\" content=\"14 minutos\" \/>\n<script type=\"application\/ld+json\" class=\"yoast-schema-graph\">{\"@context\":\"https:\/\/schema.org\",\"@graph\":[{\"@type\":\"Organization\",\"@id\":\"https:\/\/yourspanishwindow.com\/blog\/#organization\",\"name\":\"Your Spanish Window\",\"url\":\"https:\/\/yourspanishwindow.com\/blog\/\",\"sameAs\":[\"https:\/\/www.facebook.com\/yourspanishwindow\/\",\"https:\/\/www.youtube.com\/channel\/UCVw_pbvKeGQIfqSDENu3XlQ\"],\"logo\":{\"@type\":\"ImageObject\",\"@id\":\"https:\/\/yourspanishwindow.com\/blog\/#logo\",\"inLanguage\":\"es\",\"url\":\"https:\/\/yourspanishwindow.com\/blog\/wp-content\/uploads\/2017\/12\/logo-blue.png\",\"contentUrl\":\"https:\/\/yourspanishwindow.com\/blog\/wp-content\/uploads\/2017\/12\/logo-blue.png\",\"width\":606,\"height\":228,\"caption\":\"Your Spanish Window\"},\"image\":{\"@id\":\"https:\/\/yourspanishwindow.com\/blog\/#logo\"}},{\"@type\":\"WebSite\",\"@id\":\"https:\/\/yourspanishwindow.com\/blog\/#website\",\"url\":\"https:\/\/yourspanishwindow.com\/blog\/\",\"name\":\"BLOG Your Spanish Window\",\"description\":\"\",\"publisher\":{\"@id\":\"https:\/\/yourspanishwindow.com\/blog\/#organization\"},\"potentialAction\":[{\"@type\":\"SearchAction\",\"target\":{\"@type\":\"EntryPoint\",\"urlTemplate\":\"https:\/\/yourspanishwindow.com\/blog\/?s={search_term_string}\"},\"query-input\":\"required name=search_term_string\"}],\"inLanguage\":\"es\"},{\"@type\":\"ImageObject\",\"@id\":\"https:\/\/yourspanishwindow.com\/blog\/typische-spanische-ausdrucke#primaryimage\",\"inLanguage\":\"es\",\"url\":\"https:\/\/yourspanishwindow.com\/blog\/wp-content\/uploads\/2018\/02\/PORTADA-typische-spanische-ausdrucke.jpg\",\"contentUrl\":\"https:\/\/yourspanishwindow.com\/blog\/wp-content\/uploads\/2018\/02\/PORTADA-typische-spanische-ausdrucke.jpg\",\"width\":940,\"height\":788,\"caption\":\"Typische spanische Ausdr\u00fccke\"},{\"@type\":\"WebPage\",\"@id\":\"https:\/\/yourspanishwindow.com\/blog\/typische-spanische-ausdrucke#webpage\",\"url\":\"https:\/\/yourspanishwindow.com\/blog\/typische-spanische-ausdrucke\",\"name\":\"Kennst du die typische spanische Ausdr\u00fccke? (Expresiones espa\u00f1olas)\",\"isPartOf\":{\"@id\":\"https:\/\/yourspanishwindow.com\/blog\/#website\"},\"primaryImageOfPage\":{\"@id\":\"https:\/\/yourspanishwindow.com\/blog\/typische-spanische-ausdrucke#primaryimage\"},\"datePublished\":\"2018-02-08T12:07:43+00:00\",\"dateModified\":\"2018-08-02T20:18:55+00:00\",\"description\":\"Typische spanische Ausdr\u00fccke. Expresiones espa\u00f1olas t\u00edpicas. Spanische Ausdr\u00fccke mit Tieren. Spanische Ausdr\u00fccke mit\u00a0Lebensmitteln und Getr\u00e4nken Historische Ausdr\u00fccke. Andere Ausdr\u00fccke. Online Spanisch lernen.\",\"breadcrumb\":{\"@id\":\"https:\/\/yourspanishwindow.com\/blog\/typische-spanische-ausdrucke#breadcrumb\"},\"inLanguage\":\"es\",\"potentialAction\":[{\"@type\":\"ReadAction\",\"target\":[\"https:\/\/yourspanishwindow.com\/blog\/typische-spanische-ausdrucke\"]}]},{\"@type\":\"BreadcrumbList\",\"@id\":\"https:\/\/yourspanishwindow.com\/blog\/typische-spanische-ausdrucke#breadcrumb\",\"itemListElement\":[{\"@type\":\"ListItem\",\"position\":1,\"name\":\"Portada\",\"item\":\"https:\/\/yourspanishwindow.com\/blog\"},{\"@type\":\"ListItem\",\"position\":2,\"name\":\"Kennst du die typische spanische Ausdr\u00fccke? (Expresiones espa\u00f1olas)\"}]},{\"@type\":\"Article\",\"@id\":\"https:\/\/yourspanishwindow.com\/blog\/typische-spanische-ausdrucke#article\",\"isPartOf\":{\"@id\":\"https:\/\/yourspanishwindow.com\/blog\/typische-spanische-ausdrucke#webpage\"},\"author\":{\"@id\":\"https:\/\/yourspanishwindow.com\/blog\/#\/schema\/person\/9ea85f2d12b378d569af604ec2857e30\"},\"headline\":\"Kennst du die typische spanische Ausdr\u00fccke? (Expresiones espa\u00f1olas)\",\"datePublished\":\"2018-02-08T12:07:43+00:00\",\"dateModified\":\"2018-08-02T20:18:55+00:00\",\"mainEntityOfPage\":{\"@id\":\"https:\/\/yourspanishwindow.com\/blog\/typische-spanische-ausdrucke#webpage\"},\"wordCount\":2760,\"commentCount\":0,\"publisher\":{\"@id\":\"https:\/\/yourspanishwindow.com\/blog\/#organization\"},\"image\":{\"@id\":\"https:\/\/yourspanishwindow.com\/blog\/typische-spanische-ausdrucke#primaryimage\"},\"thumbnailUrl\":\"https:\/\/yourspanishwindow.com\/blog\/wp-content\/uploads\/2018\/02\/PORTADA-typische-spanische-ausdrucke.jpg\",\"keywords\":[\"expresiones\",\"historia\",\"vocabulario\"],\"articleSection\":[\"Nivel avanzado\",\"Nivel b\u00e1sico\",\"Nivel intermedio\",\"Spanisch lernen\"],\"inLanguage\":\"es\",\"potentialAction\":[{\"@type\":\"CommentAction\",\"name\":\"Comment\",\"target\":[\"https:\/\/yourspanishwindow.com\/blog\/typische-spanische-ausdrucke#respond\"]}]},{\"@type\":\"Person\",\"@id\":\"https:\/\/yourspanishwindow.com\/blog\/#\/schema\/person\/9ea85f2d12b378d569af604ec2857e30\",\"name\":\"Mar\u00eda Mart\u00edn Sierra\",\"image\":{\"@type\":\"ImageObject\",\"@id\":\"https:\/\/yourspanishwindow.com\/blog\/#personlogo\",\"inLanguage\":\"es\",\"url\":\"https:\/\/secure.gravatar.com\/avatar\/a80c8dbc48b87d9c47488219c4c4fea0?s=96&d=mm&r=g\",\"contentUrl\":\"https:\/\/secure.gravatar.com\/avatar\/a80c8dbc48b87d9c47488219c4c4fea0?s=96&d=mm&r=g\",\"caption\":\"Mar\u00eda Mart\u00edn Sierra\"}}]}<\/script>\n<!-- \/ Yoast SEO plugin. -->","yoast_head_json":{"title":"Kennst du die typische spanische Ausdr\u00fccke? (Expresiones espa\u00f1olas)","description":"Typische spanische Ausdr\u00fccke. Expresiones espa\u00f1olas t\u00edpicas. Spanische Ausdr\u00fccke mit Tieren. Spanische Ausdr\u00fccke mit\u00a0Lebensmitteln und Getr\u00e4nken Historische Ausdr\u00fccke. Andere Ausdr\u00fccke. Online Spanisch lernen.","robots":{"index":"index","follow":"follow","max-snippet":"max-snippet:-1","max-image-preview":"max-image-preview:large","max-video-preview":"max-video-preview:-1"},"canonical":"https:\/\/yourspanishwindow.com\/blog\/typische-spanische-ausdrucke","og_locale":"es_ES","og_type":"article","og_title":"Kennst du die typische spanische Ausdr\u00fccke? (Expresiones espa\u00f1olas)","og_description":"Typische spanische Ausdr\u00fccke. Expresiones espa\u00f1olas t\u00edpicas. Spanische Ausdr\u00fccke mit Tieren. Spanische Ausdr\u00fccke mit\u00a0Lebensmitteln und Getr\u00e4nken Historische Ausdr\u00fccke. Andere Ausdr\u00fccke. Online Spanisch lernen.","og_url":"https:\/\/yourspanishwindow.com\/blog\/typische-spanische-ausdrucke","og_site_name":"BLOG Your Spanish Window","article_publisher":"https:\/\/www.facebook.com\/yourspanishwindow\/","article_published_time":"2018-02-08T12:07:43+00:00","article_modified_time":"2018-08-02T20:18:55+00:00","og_image":[{"width":940,"height":788,"url":"https:\/\/yourspanishwindow.com\/blog\/wp-content\/uploads\/2018\/02\/PORTADA-typische-spanische-ausdrucke.jpg","type":"image\/jpeg"}],"twitter_card":"summary_large_image","twitter_misc":{"Escrito por":"Mar\u00eda Mart\u00edn Sierra","Tiempo de lectura":"14 minutos"},"schema":{"@context":"https:\/\/schema.org","@graph":[{"@type":"Organization","@id":"https:\/\/yourspanishwindow.com\/blog\/#organization","name":"Your Spanish Window","url":"https:\/\/yourspanishwindow.com\/blog\/","sameAs":["https:\/\/www.facebook.com\/yourspanishwindow\/","https:\/\/www.youtube.com\/channel\/UCVw_pbvKeGQIfqSDENu3XlQ"],"logo":{"@type":"ImageObject","@id":"https:\/\/yourspanishwindow.com\/blog\/#logo","inLanguage":"es","url":"https:\/\/yourspanishwindow.com\/blog\/wp-content\/uploads\/2017\/12\/logo-blue.png","contentUrl":"https:\/\/yourspanishwindow.com\/blog\/wp-content\/uploads\/2017\/12\/logo-blue.png","width":606,"height":228,"caption":"Your Spanish Window"},"image":{"@id":"https:\/\/yourspanishwindow.com\/blog\/#logo"}},{"@type":"WebSite","@id":"https:\/\/yourspanishwindow.com\/blog\/#website","url":"https:\/\/yourspanishwindow.com\/blog\/","name":"BLOG Your Spanish Window","description":"","publisher":{"@id":"https:\/\/yourspanishwindow.com\/blog\/#organization"},"potentialAction":[{"@type":"SearchAction","target":{"@type":"EntryPoint","urlTemplate":"https:\/\/yourspanishwindow.com\/blog\/?s={search_term_string}"},"query-input":"required name=search_term_string"}],"inLanguage":"es"},{"@type":"ImageObject","@id":"https:\/\/yourspanishwindow.com\/blog\/typische-spanische-ausdrucke#primaryimage","inLanguage":"es","url":"https:\/\/yourspanishwindow.com\/blog\/wp-content\/uploads\/2018\/02\/PORTADA-typische-spanische-ausdrucke.jpg","contentUrl":"https:\/\/yourspanishwindow.com\/blog\/wp-content\/uploads\/2018\/02\/PORTADA-typische-spanische-ausdrucke.jpg","width":940,"height":788,"caption":"Typische spanische Ausdr\u00fccke"},{"@type":"WebPage","@id":"https:\/\/yourspanishwindow.com\/blog\/typische-spanische-ausdrucke#webpage","url":"https:\/\/yourspanishwindow.com\/blog\/typische-spanische-ausdrucke","name":"Kennst du die typische spanische Ausdr\u00fccke? (Expresiones espa\u00f1olas)","isPartOf":{"@id":"https:\/\/yourspanishwindow.com\/blog\/#website"},"primaryImageOfPage":{"@id":"https:\/\/yourspanishwindow.com\/blog\/typische-spanische-ausdrucke#primaryimage"},"datePublished":"2018-02-08T12:07:43+00:00","dateModified":"2018-08-02T20:18:55+00:00","description":"Typische spanische Ausdr\u00fccke. Expresiones espa\u00f1olas t\u00edpicas. Spanische Ausdr\u00fccke mit Tieren. Spanische Ausdr\u00fccke mit\u00a0Lebensmitteln und Getr\u00e4nken Historische Ausdr\u00fccke. Andere Ausdr\u00fccke. Online Spanisch lernen.","breadcrumb":{"@id":"https:\/\/yourspanishwindow.com\/blog\/typische-spanische-ausdrucke#breadcrumb"},"inLanguage":"es","potentialAction":[{"@type":"ReadAction","target":["https:\/\/yourspanishwindow.com\/blog\/typische-spanische-ausdrucke"]}]},{"@type":"BreadcrumbList","@id":"https:\/\/yourspanishwindow.com\/blog\/typische-spanische-ausdrucke#breadcrumb","itemListElement":[{"@type":"ListItem","position":1,"name":"Portada","item":"https:\/\/yourspanishwindow.com\/blog"},{"@type":"ListItem","position":2,"name":"Kennst du die typische spanische Ausdr\u00fccke? (Expresiones espa\u00f1olas)"}]},{"@type":"Article","@id":"https:\/\/yourspanishwindow.com\/blog\/typische-spanische-ausdrucke#article","isPartOf":{"@id":"https:\/\/yourspanishwindow.com\/blog\/typische-spanische-ausdrucke#webpage"},"author":{"@id":"https:\/\/yourspanishwindow.com\/blog\/#\/schema\/person\/9ea85f2d12b378d569af604ec2857e30"},"headline":"Kennst du die typische spanische Ausdr\u00fccke? (Expresiones espa\u00f1olas)","datePublished":"2018-02-08T12:07:43+00:00","dateModified":"2018-08-02T20:18:55+00:00","mainEntityOfPage":{"@id":"https:\/\/yourspanishwindow.com\/blog\/typische-spanische-ausdrucke#webpage"},"wordCount":2760,"commentCount":0,"publisher":{"@id":"https:\/\/yourspanishwindow.com\/blog\/#organization"},"image":{"@id":"https:\/\/yourspanishwindow.com\/blog\/typische-spanische-ausdrucke#primaryimage"},"thumbnailUrl":"https:\/\/yourspanishwindow.com\/blog\/wp-content\/uploads\/2018\/02\/PORTADA-typische-spanische-ausdrucke.jpg","keywords":["expresiones","historia","vocabulario"],"articleSection":["Nivel avanzado","Nivel b\u00e1sico","Nivel intermedio","Spanisch lernen"],"inLanguage":"es","potentialAction":[{"@type":"CommentAction","name":"Comment","target":["https:\/\/yourspanishwindow.com\/blog\/typische-spanische-ausdrucke#respond"]}]},{"@type":"Person","@id":"https:\/\/yourspanishwindow.com\/blog\/#\/schema\/person\/9ea85f2d12b378d569af604ec2857e30","name":"Mar\u00eda Mart\u00edn Sierra","image":{"@type":"ImageObject","@id":"https:\/\/yourspanishwindow.com\/blog\/#personlogo","inLanguage":"es","url":"https:\/\/secure.gravatar.com\/avatar\/a80c8dbc48b87d9c47488219c4c4fea0?s=96&d=mm&r=g","contentUrl":"https:\/\/secure.gravatar.com\/avatar\/a80c8dbc48b87d9c47488219c4c4fea0?s=96&d=mm&r=g","caption":"Mar\u00eda Mart\u00edn Sierra"}}]}},"jetpack_featured_media_url":"https:\/\/yourspanishwindow.com\/blog\/wp-content\/uploads\/2018\/02\/PORTADA-typische-spanische-ausdrucke.jpg","_links":{"self":[{"href":"https:\/\/yourspanishwindow.com\/blog\/wp-json\/wp\/v2\/posts\/480"}],"collection":[{"href":"https:\/\/yourspanishwindow.com\/blog\/wp-json\/wp\/v2\/posts"}],"about":[{"href":"https:\/\/yourspanishwindow.com\/blog\/wp-json\/wp\/v2\/types\/post"}],"author":[{"embeddable":true,"href":"https:\/\/yourspanishwindow.com\/blog\/wp-json\/wp\/v2\/users\/2"}],"replies":[{"embeddable":true,"href":"https:\/\/yourspanishwindow.com\/blog\/wp-json\/wp\/v2\/comments?post=480"}],"version-history":[{"count":88,"href":"https:\/\/yourspanishwindow.com\/blog\/wp-json\/wp\/v2\/posts\/480\/revisions"}],"predecessor-version":[{"id":1334,"href":"https:\/\/yourspanishwindow.com\/blog\/wp-json\/wp\/v2\/posts\/480\/revisions\/1334"}],"wp:featuredmedia":[{"embeddable":true,"href":"https:\/\/yourspanishwindow.com\/blog\/wp-json\/wp\/v2\/media\/673"}],"wp:attachment":[{"href":"https:\/\/yourspanishwindow.com\/blog\/wp-json\/wp\/v2\/media?parent=480"}],"wp:term":[{"taxonomy":"category","embeddable":true,"href":"https:\/\/yourspanishwindow.com\/blog\/wp-json\/wp\/v2\/categories?post=480"},{"taxonomy":"post_tag","embeddable":true,"href":"https:\/\/yourspanishwindow.com\/blog\/wp-json\/wp\/v2\/tags?post=480"}],"curies":[{"name":"wp","href":"https:\/\/api.w.org\/{rel}","templated":true}]}}