{"id":478,"date":"2018-02-01T08:21:43","date_gmt":"2018-02-01T08:21:43","guid":{"rendered":"http:\/\/yourspanishwindow.com\/blog\/?p=478"},"modified":"2021-01-21T10:19:53","modified_gmt":"2021-01-21T10:19:53","slug":"wann-verwendet-man-subjuntivo-spanischen","status":"publish","type":"post","link":"https:\/\/yourspanishwindow.com\/blog\/wann-verwendet-man-subjuntivo-spanischen","title":{"rendered":"Wann verwendet man Subjuntivo im Spanischen? (El subjuntivo)"},"content":{"rendered":"<p>\n<div class=\"kk-star-ratings\n            \"\n    data-payload=\"{&quot;id&quot;:&quot;478&quot;,&quot;slug&quot;:&quot;default&quot;,&quot;reference&quot;:&quot;shortcode&quot;,&quot;align&quot;:&quot;&quot;,&quot;count&quot;:&quot;7&quot;,&quot;readonly&quot;:&quot;&quot;,&quot;score&quot;:&quot;5&quot;,&quot;valign&quot;:&quot;&quot;,&quot;best&quot;:&quot;5&quot;,&quot;gap&quot;:&quot;0&quot;,&quot;greet&quot;:&quot;&quot;,&quot;legend&quot;:&quot;5\\\/5 - (7 votos)&quot;,&quot;size&quot;:&quot;0&quot;,&quot;width&quot;:&quot;0&quot;,&quot;_legend&quot;:&quot;{score}\\\/{best} - ({count} {votes})&quot;}\">\n    \n<div class=\"kksr-stars\">\n    \n<div class=\"kksr-stars-inactive\">\n            <div class=\"kksr-star\" data-star=\"1\" style=\"padding-right: 0px\">\n            \n\n<div class=\"kksr-icon\" style=\"width: 0px; height: 0px;\"><\/div>\n        <\/div>\n            <div class=\"kksr-star\" data-star=\"2\" style=\"padding-right: 0px\">\n            \n\n<div class=\"kksr-icon\" style=\"width: 0px; height: 0px;\"><\/div>\n        <\/div>\n            <div class=\"kksr-star\" data-star=\"3\" style=\"padding-right: 0px\">\n            \n\n<div class=\"kksr-icon\" style=\"width: 0px; height: 0px;\"><\/div>\n        <\/div>\n            <div class=\"kksr-star\" data-star=\"4\" style=\"padding-right: 0px\">\n            \n\n<div class=\"kksr-icon\" style=\"width: 0px; height: 0px;\"><\/div>\n        <\/div>\n            <div class=\"kksr-star\" data-star=\"5\" style=\"padding-right: 0px\">\n            \n\n<div class=\"kksr-icon\" style=\"width: 0px; height: 0px;\"><\/div>\n        <\/div>\n    <\/div>\n    \n<div class=\"kksr-stars-active\" style=\"width: 0px;\">\n            <div class=\"kksr-star\" style=\"padding-right: 0px\">\n            \n\n<div class=\"kksr-icon\" style=\"width: 0px; height: 0px;\"><\/div>\n        <\/div>\n            <div class=\"kksr-star\" style=\"padding-right: 0px\">\n            \n\n<div class=\"kksr-icon\" style=\"width: 0px; height: 0px;\"><\/div>\n        <\/div>\n            <div class=\"kksr-star\" style=\"padding-right: 0px\">\n            \n\n<div class=\"kksr-icon\" style=\"width: 0px; height: 0px;\"><\/div>\n        <\/div>\n            <div class=\"kksr-star\" style=\"padding-right: 0px\">\n            \n\n<div class=\"kksr-icon\" style=\"width: 0px; height: 0px;\"><\/div>\n        <\/div>\n            <div class=\"kksr-star\" style=\"padding-right: 0px\">\n            \n\n<div class=\"kksr-icon\" style=\"width: 0px; height: 0px;\"><\/div>\n        <\/div>\n    <\/div>\n<\/div>\n    \n<div class=\"kksr-legend\">\n            5\/5 - (7 votos)    <\/div>\n<\/div>\n Heute, in Your Spanisch Window, werden wir erkl\u00e4ren,<strong> wann man den Subjuntivo im Spanischen verwenden kann.\u00a0<\/strong><\/p>\n<p>In der spanischen Sprache gibt es zwei Modi: Indicativo und <a href=\"https:\/\/de.wikipedia.org\/wiki\/Subjuntivo\" target=\"_blank\" rel=\"noopener noreferrer\"><strong>Subjuntivo<\/strong><\/a>. Der Indicativo benutzt man mit Aussagen. Aber <strong>wann verwendet man Subjuntivo im Spanischen?<\/strong> Der Subjuntivo zeigt eine <strong>pers\u00f6nliche Haltung zu Dingen<\/strong>, wir reden \u00fcber etwas subjektives. Die S\u00e4tze mit einem Verb im Subjuntivo sind fast immer Nebens\u00e4tze.<\/p>\n<p>Warum kann <strong>Subjuntivo<\/strong> f\u00fcr Leute, die <a href=\"https:\/\/www.yourspanishwindow.com\/de\/\" target=\"_blank\" rel=\"noopener noreferrer\"><strong>Spanisch als Fremdsprache lernen<\/strong><\/a>, Schwierigkeiten bereiten? Weil es im Deutschen keine Form gibt, die dem spanischen Subjuntivo entspricht.<\/p>\n<p>In diesem Artikel wird Subjuntivo erkl\u00e4rt, sowie den Unterschied zwischen Subjuntivo und Indicativo.\u00a0<\/p>\n<p><em>Hoy, en Your Spanish Window, vamos a explicar cu\u00e1ndo hay que usar <strong>el subjuntivo en espa\u00f1ol<\/strong>.<\/em><\/p>\n<p><em>En el idioma espa\u00f1ol hay dos modos: el indicativo y el subjuntivo. El indicativo se utiliza para hablar sobre hechos reales. Pero \u00bf<strong>cu\u00e1ndo se usa el subjuntivo en espa\u00f1ol<\/strong>? El subjuntivo se usa para hablar sobre algo subjetivo. Con el subjuntivo se pueden expresar hechos hipot\u00e9ticos o deseos. Las oraciones con un verbo en subjuntivo son, casi siempre, oraciones subordinadas.\u00a0<\/em><\/p>\n<h1>Wie bildet man den Subjuntivo?<\/h1>\n<h2><em>\u00bfC\u00f3mo se forma el subjuntivo?<\/em><\/h2>\n<p>\u00a0<\/p>\n<table style=\"height: 265px;\" width=\"608\">\n<tbody>\n<tr>\n<td style=\"width: 194px; text-align: center;\"><strong>-AR<\/strong><\/td>\n<td style=\"width: 194px; text-align: center;\"><strong>-ER<\/strong><\/td>\n<td style=\"width: 198px; text-align: center;\"><strong>-IR<\/strong><\/td>\n<\/tr>\n<tr>\n<td style=\"width: 194px; text-align: center;\"><strong>CANTAR<\/strong><\/td>\n<td style=\"width: 194px; text-align: center;\"><strong>BEBER<\/strong><\/td>\n<td style=\"width: 198px; text-align: center;\"><strong>VIVIR<\/strong><\/td>\n<\/tr>\n<tr>\n<td style=\"width: 194px; text-align: center;\">Yo cant-\u00a0<strong>e<\/strong><\/td>\n<td style=\"width: 194px; text-align: center;\">Yo beb-\u00a0<strong>a<\/strong><\/td>\n<td style=\"width: 198px; text-align: center;\">Yo\u00a0viv-\u00a0<strong>a<\/strong><\/td>\n<\/tr>\n<tr>\n<td style=\"width: 194px; text-align: center;\">T\u00fa cant-\u00a0<strong>es<\/strong><\/td>\n<td style=\"width: 194px; text-align: center;\">T\u00fa beb-\u00a0<strong>as<\/strong><\/td>\n<td style=\"width: 198px; text-align: center;\">T\u00fa\u00a0viv-\u00a0<strong>as<\/strong><\/td>\n<\/tr>\n<tr>\n<td style=\"width: 194px; text-align: center;\">\u00c9l\/ella\/usted cant-\u00a0<strong>e<\/strong><\/td>\n<td style=\"width: 194px; text-align: center;\">\u00c9l\/ella\/usted beb-\u00a0<strong>a<\/strong><\/td>\n<td style=\"width: 198px; text-align: center;\">\u00c9l\/ella\/usted viv-\u00a0<strong>a<\/strong><\/td>\n<\/tr>\n<tr>\n<td style=\"width: 194px; text-align: center;\">Nosotros\/-as cant-\u00a0<strong>emos<\/strong><\/td>\n<td style=\"width: 194px; text-align: center;\">Nosotros\/-as beb-\u00a0<strong>amos<\/strong><\/td>\n<td style=\"width: 198px; text-align: center;\">Nosotros\/-as viv-\u00a0<strong>amos<\/strong><\/td>\n<\/tr>\n<tr>\n<td style=\"width: 194px; text-align: center;\">Vosotros\/-as cant-\u00a0<strong>\u00e9is<\/strong><\/td>\n<td style=\"width: 194px; text-align: center;\">Vosotros\/-as beb-\u00a0<strong>\u00e1is<\/strong><\/td>\n<td style=\"width: 198px; text-align: center;\">Vosotros\/-as viv-\u00a0<strong>\u00e1is<\/strong><\/td>\n<\/tr>\n<tr>\n<td style=\"width: 194px; text-align: center;\">Ellos\/-as\/ustedes cant-\u00a0<strong>en<\/strong><\/td>\n<td style=\"width: 194px; text-align: center;\">Ellos\/-as\/ustedes beb-\u00a0<strong>an<\/strong><\/td>\n<td style=\"width: 198px; text-align: center;\">Ellos\/-as\/ustedes viv-\u00a0<strong>an<\/strong><\/td>\n<\/tr>\n<\/tbody>\n<\/table>\n<p>Die Verben <strong>tener, conocer, querer, poder, sentir, dormir, pedir, jugar<\/strong> und <strong>pensar<\/strong> behalten die Ver\u00e4nderung des Stammes wie in Indicativo.\u00a0<\/p>\n<p><em>Los verbos\u00a0<strong>tener, conocer, querer, poder, sentir, dormir, pedir, jugar<\/strong>\u00a0y\u00a0<strong>pensar\u00a0<\/strong>conservan el cambio voc\u00e1lico que tienen en el modo indicativo.<\/em><\/p>\n<table style=\"height: 217px;\" width=\"270\">\n<tbody>\n<tr>\n<td style=\"width: 124px; text-align: center;\">INDICATIVO<\/td>\n<td style=\"width: 130px; text-align: center;\">SUBJUNTIVO<\/td>\n<\/tr>\n<tr>\n<td style=\"width: 124px; text-align: center;\">Yo tengo<\/td>\n<td style=\"width: 130px; text-align: center;\">Yo tenga<\/td>\n<\/tr>\n<tr>\n<td style=\"width: 124px; text-align: center;\">Yo conozco<\/td>\n<td style=\"width: 130px; text-align: center;\">Yo conozca<\/td>\n<\/tr>\n<tr>\n<td style=\"width: 124px; text-align: center;\">Yo quiero<\/td>\n<td style=\"width: 130px; text-align: center;\">Yo quiera<\/td>\n<\/tr>\n<tr>\n<td style=\"width: 124px; text-align: center;\">Yo puedo<\/td>\n<td style=\"width: 130px; text-align: center;\">Yo pueda<\/td>\n<\/tr>\n<tr>\n<td style=\"width: 124px; text-align: center;\">Yo siento<\/td>\n<td style=\"width: 130px; text-align: center;\">Yo sienta<\/td>\n<\/tr>\n<tr>\n<td style=\"width: 124px; text-align: center;\">Yo duermo<\/td>\n<td style=\"width: 130px; text-align: center;\">Yo duerma<\/td>\n<\/tr>\n<tr>\n<td style=\"width: 124px; text-align: center;\">Yo pido<\/td>\n<td style=\"width: 130px; text-align: center;\">Yo pida<\/td>\n<\/tr>\n<\/tbody>\n<\/table>\n<p>\u00a0<\/p>\n<h1>Wann verwendet man Subjuntivo im Spanischen? Und wann Indicativo?<\/h1>\n<h2>\u00a0<\/h2>\n<h2>Behauptung gegen M\u00f6glichkeit<\/h2>\n<h2><em>Afirmaci\u00f3n versus posibilidad<\/em><\/h2>\n<p><a href=\"http:\/\/yourspanishwindow.com\/blog\/wann-verwendet-man-subjuntivo-im-spanischen\/subjuntivo-online-spanisch-lernen-gratis\" rel=\"attachment wp-att-497\"><img class=\"alignleft wp-image-497\" title=\"wann-verwendet-man-indicativo-spanisch\" src=\"http:\/\/yourspanishwindow.com\/blog\/wp-content\/uploads\/2018\/01\/subjuntivo-online-spanisch-lernen-gratis-200x300.jpg\" alt=\"\" width=\"221\" height=\"332\" srcset=\"https:\/\/yourspanishwindow.com\/blog\/wp-content\/uploads\/2018\/01\/subjuntivo-online-spanisch-lernen-gratis-200x300.jpg 200w, https:\/\/yourspanishwindow.com\/blog\/wp-content\/uploads\/2018\/01\/subjuntivo-online-spanisch-lernen-gratis.jpg 540w\" sizes=\"(max-width: 221px) 100vw, 221px\" \/><\/a><\/p>\n<p>\u00a0<\/p>\n<p>\u00a0<\/p>\n<p>Den\u00a0<strong>Indicativo<\/strong> benutzen wir, wenn wir etwas behaupten oder unsere Meinung \u00e4u\u00dfern m\u00f6chten.<\/p>\n<p>Beispiele:<\/p>\n<ul style=\"text-align: left;\">\n<li>Ese chico es el novio de Isabel.<\/li>\n<li>Supongo que ese chico es el novio de Isabel porque van cogidos de la mano.<\/li>\n<\/ul>\n<p>\u00a0<\/p>\n<p>\u00a0<\/p>\n<p>\u00a0<\/p>\n<p><em>El <strong>indicativo<\/strong> se usa para afirmar algo o para dar nuestra opini\u00f3n.<\/em><\/p>\n<p><em>Ejemplos:<\/em><\/p>\n<ul style=\"text-align: left;\">\n<li><em>Ese chico es el novio de Isabel.<\/em><\/li>\n<li><em>Supongo que ese chico es el novio de Isabel porque van cogidos de la mano.<\/em><\/li>\n<\/ul>\n<p>\u00a0<\/p>\n<p style=\"text-align: left;\"><a href=\"http:\/\/yourspanishwindow.com\/blog\/wann-verwendet-man-subjuntivo-im-spanischen\/subjuntivo-online-gratis-spanisch-lernen-deutschland\" rel=\"attachment wp-att-503\"><img class=\"alignleft wp-image-503\" title=\"wann-verwendet-man-subjuntivo-spanischen\" src=\"http:\/\/yourspanishwindow.com\/blog\/wp-content\/uploads\/2018\/01\/subjuntivo-online-gratis-spanisch-lernen-deutschland.jpg\" alt=\"\" width=\"211\" height=\"226\" \/><\/a><\/p>\n<p>\u00a0<\/p>\n<p style=\"text-align: left;\">Den\u00a0<strong>Subjuntivo<\/strong> benutzen wir, wenn wir eine M\u00f6glichkeit, einen Wunsch oder eine\u00a0Ablehnung ausdr\u00fccken m\u00f6chten.<\/p>\n<p style=\"text-align: left;\">Beispiele:\u00a0\u00a0<\/p>\n<ul style=\"text-align: left;\">\n<li>Es posible que ese chico sea el novio de Isabel.<\/li>\n<li>Espero que ese chico sea el novio de Isabel.\u00a0<\/li>\n<li>No creo que ese chico sea el novio de Isabel.\u00a0<\/li>\n<\/ul>\n<p>\u00a0<\/p>\n<p>Jetzt gehen wir ein bisschen tiefer.<\/p>\n<p><em>El\u00a0<strong>subjuntivo<\/strong> se utiliza para hablar sobre una posibilidad, expresar un deseo o rechazar o negar algo.<\/em><\/p>\n<p><em>Ejemplos:<\/em><\/p>\n<ul style=\"text-align: left;\">\n<li><em>Es posible que ese chico sea el novio de Isabel.<\/em><\/li>\n<li><em>Espero que ese chico sea el novio de Isabel.\u00a0<\/em><\/li>\n<li><em>No creo que ese chico sea el novio de Isabel.\u00a0<\/em><\/li>\n<\/ul>\n<h2>\u00a0<\/h2>\n<h2>W\u00fcnsche und Ziele<\/h2>\n<h2><em>Deseos y objetivos<\/em><\/h2>\n<p>Hier verwendet man den Subjuntivo, weil wir ein Ziel oder einen Wunsch haben. Es ist ein eventuelles Ziel.<\/p>\n<ul>\n<li>Quiero que vengas conmigo a la fiesta. Da kann man nicht sagen: quiero que vas conmigo a la fiesta, weil der Satz einen Wunsch ist.<\/li>\n<\/ul>\n<p>Mit allen diesen Verben benutzen wir immer den Subjuntivo:<\/p>\n<p>(No) quiero que<\/p>\n<p>(No) deseo que<\/p>\n<p>(No) prefiero que<\/p>\n<p>(No) me apetece que<\/p>\n<p>(No) me gusta que<\/p>\n<p>(No) tengo ganas de que<\/p>\n<p>(No) es importante que<\/p>\n<p>(No) es necesario que<\/p>\n<p>(No) te prohibo que<\/p>\n<p>Was k\u00f6nnt ihr sehen? In jedem Satz haben wir\u00a0\u00a0\u201eque\u201c benutzt.<\/p>\n<p><span style=\"color: #ff0000;\">SEHR WICHTIG!<\/span> Warum mussten wir in allen diesen S\u00e4tzen \u201eque\u201c und Subjuntivo benutzen? Weil das Subjekt anders war.<\/p>\n<ul>\n<li><strong>(Yo)<\/strong> Quiero que <strong>(t\u00fa)<\/strong> vayas conmigo a la fiesta.<br \/><strong>Ich<\/strong> m\u00f6chte, dass <strong>du<\/strong> mit mir auf die Party gehst..\u00a0<\/li>\n<\/ul>\n<p>Wann k\u00f6nnten wir in diesem Satz <strong>Indicativo<\/strong> verwenden?<\/p>\n<ul>\n<li><strong>(Yo)<\/strong> Quiero ir a la fiesta.<br \/><strong>Ich<\/strong> m\u00f6chte auf die Party gehen.<\/li>\n<\/ul>\n<p>\u00a0<\/p>\n<p><em>\u00bfQu\u00e9 observ\u00e1is? En todas las frases hemos usado \u00abque\u00bb.\u00a0<\/em><\/p>\n<p><em><span style=\"color: #ff0000;\">\u00a1MUY IMPORTANTE!\u00a0<span style=\"color: #000000;\">\u00bfPor qu\u00e9 hemos tenido que usar <strong>\u00abque\u00bb<\/strong> m\u00e1s <strong>subjuntivo<\/strong> en todas las frases anteriores? Porque el sujeto de la segunda parte de la oraci\u00f3n no es el mismo que el de la primera parte.\u00a0<\/span><\/span><\/em><\/p>\n<ul>\n<li><em><strong>(Yo)<\/strong> Quiero que <strong>(t\u00fa)<\/strong> vayas conmigo a la fiesta.<\/em><\/li>\n<\/ul>\n<p><em>\u00bfCu\u00e1ndo podemos usar el <strong>indicativo<\/strong>?<\/em><\/p>\n<ul>\n<li><em><strong>(Yo)<\/strong> Quiero ir a la fiesta.<\/em><\/li>\n<\/ul>\n<p>\u00a0<\/p>\n<h2>Gef\u00fchls\u00e4u\u00dferung<\/h2>\n<h2><em>Expresar sentimientos<\/em><\/h2>\n<p>Wenn man seine\/ihre Gef\u00fchle\u00a0offenbaren m\u00f6chte, kann man den Subjuntivo in Nebensatz + que benutzen. Die Verben, die nach \u201eque\u201c kommen, m\u00fcssen die Gef\u00fchle\u00a0\u00e4u\u00dfern: alegrarse, entristecerse, entusiasmarse,\u00a0molestar, preocuparse, gustar, comprender, sentir, etc.<\/p>\n<ul>\n<li>Me alegra que vayamos a cenar juntos.<\/li>\n<li>Me entristece que no vengas con nosotros.<\/li>\n<li>Me entusiasma que vayamos a Espa\u00f1a.<\/li>\n<li>Me molesta que no tires nunca la basura.<\/li>\n<li>Me preocupa que salgas a estas horas.<\/li>\n<li>Me gusta que me traigas el desayuno a la cama.<\/li>\n<li>Comprendo que est\u00e9s enfadado.<\/li>\n<li>Siento que est\u00e9s enfermo.<\/li>\n<\/ul>\n<h2>\u00a0<a href=\"http:\/\/yourspanishwindow.com\/blog\/wann-verwendet-man-subjuntivo-im-spanischen\/wann-verwendet-man-subjuntivo-spanischen-2\" rel=\"attachment wp-att-563\"><img class=\"aligncenter wp-image-563\" title=\"wann-verwendet-man-subjuntivo-im-spanischen\" src=\"http:\/\/yourspanishwindow.com\/blog\/wp-content\/uploads\/2018\/01\/wann-verwendet-man-subjuntivo-spanischen.jpg\" alt=\"\" width=\"409\" height=\"314\" srcset=\"https:\/\/yourspanishwindow.com\/blog\/wp-content\/uploads\/2018\/01\/wann-verwendet-man-subjuntivo-spanischen.jpg 540w, https:\/\/yourspanishwindow.com\/blog\/wp-content\/uploads\/2018\/01\/wann-verwendet-man-subjuntivo-spanischen-300x231.jpg 300w\" sizes=\"(max-width: 409px) 100vw, 409px\" \/><\/a><\/h2>\n<h2>\u00a0<\/h2>\n<h2>Nach\u00a0\u201etal vez\u201c und\u00a0\u201equiz\u00e1s\u201c<\/h2>\n<h2><em>Despu\u00e9s de \u00abtal vez\u00bb y \u00abquiz\u00e1s\u00bb<\/em><\/h2>\n<p>Wir verwenden \u201etal vez\u201c und\u00a0\u201equiz\u00e1s\u201c\u00a0vor dem Subjuntivo, wenn die Aussage nicht sehr wahrscheinlich ist.<\/p>\n<ul>\n<li>Quiz\u00e1s empiece a ir al gimnasio en enero.<br \/>Vielleicht fange ich in Januar an, ins Fitnessstudio zu gehen.<\/li>\n<li>Tal vez recoja luego la habitaci\u00f3n.<br \/>Vielleicht r\u00e4ume ich das Zimmer auf.<\/li>\n<\/ul>\n<p><a href=\"http:\/\/yourspanishwindow.com\/blog\/wann-verwendet-man-subjuntivo-im-spanischen\/wann-verwendet-man-subjuntivo-im-spanischen-2\" rel=\"attachment wp-att-571\"><img class=\"aligncenter wp-image-571\" title=\"wann-verwendet-man-subjuntivo-spanischen\" src=\"http:\/\/yourspanishwindow.com\/blog\/wp-content\/uploads\/2018\/01\/wann-verwendet-man-subjuntivo-im-spanischen-.jpg\" alt=\"\" width=\"332\" height=\"325\" srcset=\"https:\/\/yourspanishwindow.com\/blog\/wp-content\/uploads\/2018\/01\/wann-verwendet-man-subjuntivo-im-spanischen-.jpg 540w, https:\/\/yourspanishwindow.com\/blog\/wp-content\/uploads\/2018\/01\/wann-verwendet-man-subjuntivo-im-spanischen--300x294.jpg 300w\" sizes=\"(max-width: 332px) 100vw, 332px\" \/><\/a><\/p>\n<p><em>Utilizamos \u00abtal vez\u00bb y \u00abquiz\u00e1s\u00bb antes del subjuntivo, cuando queremos hablar sobre algo improbable.<\/em><\/p>\n<ul>\n<li><em>Quiz\u00e1s empiece a ir al gimnasio en enero.<\/em><\/li>\n<li><em>Tal vez recoja luego la habitaci\u00f3n.<\/em><\/li>\n<\/ul>\n<h2>Que + presente de subjuntivo<\/h2>\n<p>\u201eQue\u201c und Subjuntivo benutzen wir, um W\u00fcnsche in allt\u00e4glichen Situationen zu \u00e4u\u00dfern oder, wenn du jemanden warnen m\u00f6chtest.<\/p>\n<ul>\n<li>\u00a1Que aproveche! <br \/>Guten Appetit!<\/li>\n<li>\u00a1Que tengas un buen d\u00eda!<br \/>Habt einen sch\u00f6nen Tag!<\/li>\n<li>\u00a1Que tengas cuidado!<br \/>Ich habe dir gesagt, dass du vorsichtig sein muss!<\/li>\n<\/ul>\n<p>\u00a0<\/p>\n<p><em>\u00abQue\u00bb m\u00e1s subjuntivo se usa para expresar deseos en situaciones cotidianas o para avisar o prevenir a alguien.\u00a0<\/em><\/p>\n<ul>\n<li><em>\u00a1Que aproveche! <\/em><\/li>\n<li><em>\u00a1Que tengas un buen d\u00eda!<\/em><\/li>\n<li><em>\u00a1Que tengas cuidado!<\/em><\/li>\n<\/ul>\n<h2>Zwei Handlungen verbinden<\/h2>\n<h2><em>Unir dos acontecimientos<\/em><\/h2>\n<p>Um zwei Handlungen zu verbinden, verwenden wir immer: cuando &#8230;, mientras &#8230;, hasta que&#8230; mit Subjuntivo.<\/p>\n<p>Vergangenheit: Cuando termin\u00e9 los deberes, me fui a la cama.\u00a0<br \/>\u00a0 \u00a0 \u00a0 \u00a0 \u00a0 \u00a0 \u00a0 \u00a0 \u00a0 \u00a0 \u00a0 \u00a0 \u00a0 \u00a0 \u00a0Als ich die Hausaufgaben fertig machte, ging ich ins Bett.<\/p>\n<p>Gew\u00f6hnlich: Cuando termino los deberes, me voy a la cama.<br \/>\u00a0 \u00a0 \u00a0 \u00a0 \u00a0 \u00a0 \u00a0 \u00a0 \u00a0 \u00a0 \u00a0 \u00a0 Wenn ich die Hausaufgaben fertig mache, gehe ich ins Bett.<\/p>\n<p>Zukunft: Cuando <strong>termine<\/strong> los deberes, me ir\u00e9 a la cama.<br \/>\u00a0 \u00a0 \u00a0 \u00a0 \u00a0 \u00a0 \u00a0 \u00a0 \u00a0Wenn ich mit den Hausaufgaben fertig werde, werde ich ins Bett gehen.<\/p>\n<h2><img class=\"aligncenter wp-image-536\" title=\"subjuntivo-verwenden-spanisch-lernen-online-deutschland\" src=\"http:\/\/yourspanishwindow.com\/blog\/wp-content\/uploads\/2018\/01\/subjuntivo-verwenden-spanisch-lernen-online-deutschland.jpg\" alt=\"\" width=\"232\" height=\"253\" srcset=\"https:\/\/yourspanishwindow.com\/blog\/wp-content\/uploads\/2018\/01\/subjuntivo-verwenden-spanisch-lernen-online-deutschland.jpg 401w, https:\/\/yourspanishwindow.com\/blog\/wp-content\/uploads\/2018\/01\/subjuntivo-verwenden-spanisch-lernen-online-deutschland-275x300.jpg 275w\" sizes=\"(max-width: 232px) 100vw, 232px\" \/><\/h2>\n<p><em>Usamos <strong>cuando &#8230;, mientras &#8230;, hasta que&#8230; + subjuntivo<\/strong> para unir dos acontecimientos.\u00a0<\/em><\/p>\n<p><em>Pasado: Cuando termin\u00e9 los deberes, me fui a la cama.\u00a0<\/em><\/p>\n<p><em>Presente (una rutina): Cuando termino los deberes, me voy a la cama.<\/em><\/p>\n<p><em>Futuro: Cuando <strong>termine<\/strong> los deberes, me ir\u00e9 a la cama.<\/em> \u00a0 \u00a0 \u00a0 \u00a0 \u00a0 \u00a0 \u00a0 \u00a0<\/p>\n<h2>Como\/De la manera en que + Subjuntivo: Art und Weise<\/h2>\n<p>Mit\u00a0\u201ecomo\/de la manera en que\u201c und Subjuntivo erkl\u00e4ren wir, wie wir etwas gemacht haben.<\/p>\n<ul>\n<li>\u00bfC\u00f3mo quieres tomar el caf\u00e9?<br \/>Me da igual, hazlo como\/de la manera en que t\u00fa sepas.<\/li>\n<\/ul>\n<p>\u00a0<\/p>\n<p><em>Con \u00abcomo\/de la manera en que\u00bb + subjuntivo expresamos c\u00f3mo hemos hecho algo.<\/em><\/p>\n<ul>\n<li><em>\u00bfC\u00f3mo quieres tomar el caf\u00e9?<\/em><br \/><em> Me da igual, hazlo como\/de la manera en que t\u00fa sepas.<\/em><\/li>\n<\/ul>\n<h2>\u00a0<\/h2>\n<h2>Aunque + Subjuntivo<\/h2>\n<p>\u00a0<\/p>\n<ul>\n<li>Indicativo: <br \/>Aunque cuida su alimentaci\u00f3n, no adelgaza.<br \/>Obwohl er auf seine Ern\u00e4hrung achtet, nimmt er nicht ab.<\/li>\n<li>Subjuntivo: <br \/>Aunque cuides tu alimentaci\u00f3n, no vas a adelgazar. Es importante que haga deporte.<br \/>Selbst wenn er auf seine Ern\u00e4hrung achtet, wird er nicht abnehmen. Es ist sehr wichtig, dass er Sport treibt.<\/li>\n<\/ul>\n<p>\u00a0<\/p>\n<p>Es gibt einige Verben und Konjunktionen, die nicht immer Subjuntivo ben\u00f6tigen. Deswegen ist hier der Kontext so wichtig. Man benutzt Indicativo oder Subjuntivo je nachdem, was man ausdr\u00fccken m\u00f6chte. Anhand von folgenden\u00a0Relativs\u00e4tzen erkl\u00e4ren wir das genauer.<\/p>\n<p>\u00a0<\/p>\n<p><em>Hay algunos verbos y conjunciones, que no siempre necesitan el modo subjuntivo. En estos casos, el contexto es muy importante. Utilizamos el indicativo o el subjuntivo seg\u00fan lo que queramos decir. Observad ahora la diferencia entre el indicativo y subjuntivo en las frases de relativo.<\/em><\/p>\n<h2>Relativs\u00e4tze &#8211; Indicativo oder Subjuntiv<strong>o?<\/strong><\/h2>\n<h2><em>Oraciones relativas &#8211; \u00bfIndicativo o subjuntivo?<\/em><\/h2>\n<p style=\"text-align: left;\">\u00a0<\/p>\n<p style=\"text-align: left;\"><a href=\"http:\/\/yourspanishwindow.com\/blog\/wann-verwendet-man-subjuntivo-im-spanischen\/sekretarin-online-spanisch-lernen-subjuntivo-2\" rel=\"attachment wp-att-519\"><img class=\"alignleft wp-image-519\" title=\"online-Spanisch-lernen-skype-indicativo\" src=\"http:\/\/yourspanishwindow.com\/blog\/wp-content\/uploads\/2018\/01\/Sekret\u00e4rin-online-Spanisch-lernen-subjuntivo-1.jpg\" alt=\"\" width=\"385\" height=\"354\" srcset=\"https:\/\/yourspanishwindow.com\/blog\/wp-content\/uploads\/2018\/01\/Sekret\u00e4rin-online-Spanisch-lernen-subjuntivo-1.jpg 540w, https:\/\/yourspanishwindow.com\/blog\/wp-content\/uploads\/2018\/01\/Sekret\u00e4rin-online-Spanisch-lernen-subjuntivo-1-300x276.jpg 300w\" sizes=\"(max-width: 385px) 100vw, 385px\" \/><\/a><\/p>\n<p>\u00a0<\/p>\n<p style=\"text-align: left;\">Den\u00a0<strong>Indicativo<\/strong> benutzen wir, wenn wir \u00fcber etwas, das wir schon kennen, sprechen m\u00f6chten. Oder wir wissen mindestens, dass diese Person oder diese Sache existiert. Es ist eine Tatsache.<\/p>\n<p style=\"text-align: left;\">Z. B.: Quiero hablar con la secretaria que habla espa\u00f1ol.\u00a0<\/p>\n<p style=\"text-align: left;\">Ich wei\u00df, dass es in dieser Firma eine Sekret\u00e4rin gibt, die Spanisch reden kann.\u00a0<\/p>\n<p>\u00a0<\/p>\n<p>\u00a0<\/p>\n<p>\u00a0<\/p>\n<p>\u00a0<\/p>\n<p><em>Usamos <strong>el indicativo<\/strong> cuando queremos hablar sobre algo que ya conocemos. Tambi\u00e9n cuando sabemos que la persona o cosa de la que hablamos existe. Es un hecho.<\/em><\/p>\n<p><em>Por ejemplo:\u00a0Quiero hablar con la secretaria que habla espa\u00f1ol.\u00a0<\/em><\/p>\n<p><em>S\u00e9 que en esa empresa hay una secretaria que sabe hablar espa\u00f1ol.\u00a0<\/em><\/p>\n<p>\u00a0<\/p>\n<p style=\"text-align: left;\"><a href=\"http:\/\/yourspanishwindow.com\/blog\/wann-verwendet-man-subjuntivo-im-spanischen\/online-spanisch-lernen-bilder\" rel=\"attachment wp-att-520\"><img class=\"alignleft wp-image-520\" title=\"wann-verwendet-man-subjuntivo-spanischen\" src=\"http:\/\/yourspanishwindow.com\/blog\/wp-content\/uploads\/2018\/01\/online-Spanisch-lernen-bilder.jpg\" alt=\"\" width=\"372\" height=\"314\" srcset=\"https:\/\/yourspanishwindow.com\/blog\/wp-content\/uploads\/2018\/01\/online-Spanisch-lernen-bilder.jpg 540w, https:\/\/yourspanishwindow.com\/blog\/wp-content\/uploads\/2018\/01\/online-Spanisch-lernen-bilder-300x253.jpg 300w\" sizes=\"(max-width: 372px) 100vw, 372px\" \/><\/a><\/p>\n<p>\u00a0<\/p>\n<p style=\"text-align: left;\">Jetzt schreiben wir diesen Satz aber in <strong>Subjuntivo<\/strong>:\u00a0<\/p>\n<p style=\"text-align: left;\">Quiero hablar con una secretaria que hable espa\u00f1ol.<\/p>\n<p style=\"text-align: left;\">Wo liegt der Unterschied?<\/p>\n<p style=\"text-align: left;\">In dem zweiten Satz haben wir den Subjuntivo benutzt, weil wir es nicht wissen, ob es in der Firma, eine Sekret\u00e4rin gibt, die Spanisch sprechen kann.\u00a0<\/p>\n<p>\u00a0<\/p>\n<p>\u00a0<\/p>\n<p>\u00a0<\/p>\n<p><em>Ahora escribimos la frase en <strong>subjuntivo<\/strong>:<\/em><\/p>\n<p><em>Quiero hablar con una secretaria que hable espa\u00f1ol.<\/em><\/p>\n<p><em>\u00bfQu\u00e9 diferencia hay?<\/em><\/p>\n<p><em>En la segunda frase usamos el subjuntivo, porque no sabemos, si en la empresa hay una secretaria que pueda hablar espa\u00f1ol.<\/em><\/p>\n<p>\u00a0<\/p>\n<p style=\"text-align: left;\">\u00dcbersetzen wir jetzt beide S\u00e4tze:<\/p>\n<p style=\"text-align: left;\">Ich m\u00f6chte mit der Sekret\u00e4rin, die Spanisch kann, sprechen.<\/p>\n<p style=\"text-align: left;\">Ich m\u00f6chte mit einer Sekret\u00e4rin, die Spanisch kann, sprechen.<\/p>\n<p style=\"text-align: left;\">Seht ihr jetzt den Unterschied?<\/p>\n<p>\u00a0<\/p>\n<h2>Wei\u00df du jetzt, wann man Subjuntivo im Spanischen verwendet?<\/h2>\n<h2><em>\u00bfSabes ya c\u00f3mo usar el subjuntivo?<\/em><\/h2>\n<p>\u00a0<\/p>\n<p>Der Subjuntivo ist ein wesentlicher Bestandteil des Spanischen. Das bereitet aber den Lernenden oft gro\u00dfe Schwierigkeiten. Man sollte aber nicht den Kopf\u00a0 h\u00e4ngen lassen, wenn es nicht sofort klappt.\u00a0 Man muss den Gebrauch des Subjuntivo einfach \u00fcben, bis man das Gef\u00fchl daf\u00fcr entwickelt hat.<\/p>\n<p>Falls ihr noch fragen habt, k\u00f6nnt ihr mir jederzeit <a href=\"https:\/\/www.yourspanishwindow.com\/de\/contact\" target=\"_blank\" rel=\"noopener noreferrer\">schreiben<\/a>.<\/p>\n<p>Wenn ihr eure Spanischkenntnisse verbessern wollt, geht zu <a href=\"http:\/\/www.yourspanishwindow.com\" target=\"_blank\" rel=\"noopener noreferrer\">www.yourspanishwindow.com<\/a>. Da biete ich Spanischunterricht online an \ud83d\ude09\u00a0<\/p>\n<p>Und vergiss es nicht! In zwei Wochen werden wir\u00a0<a href=\"https:\/\/yourspanishwindow.com\/blog\/sabes-usar-imperativo-espanol\" target=\"_blank\" rel=\"noopener noreferrer\">den Imperativ<\/a> lernen und \u00fcben \ud83d\ude09 N\u00e4chste Woche haben wir keine Grammatik, wir werden \u00fcber <a href=\"https:\/\/yourspanishwindow.com\/blog\/typische-spanische-ausdrucke\" target=\"_blank\" rel=\"noopener noreferrer\">die typische spanische Ausdr\u00fccke<\/a> reden.<\/p>\n<p>Viel Spa\u00df und bis n\u00e4chsten Donnerstag!\u00a0<\/p>\n<p>\u00a0<\/p>\n<p><em>Entender el subjuntivo es siempre complicado para los estudiantes de <a href=\"https:\/\/www.yourspanishwindow.com\/\" target=\"_blank\" rel=\"noopener noreferrer\">espa\u00f1ol como lengua extranjera<\/a>. Sin embargo, no ten\u00e9is que estresaros si no entend\u00e9is todo a la primera. El uso del subjuntivo es algo que se va aprendiendo con el tiempo. Hay que practicar, practicar y practicar. Es como aprender a conducir, al principio es todo muy dif\u00edcil y suena a chino, pero, poco a poco, con la pr\u00e1ctica, vas aprendiendo hasta ser casi un profesional. \u00a1\u00c1nimo!<\/em><\/p>\n<p><em>En dos semanas aprenderemos <a href=\"https:\/\/yourspanishwindow.com\/blog\/sabes-usar-imperativo-espanol\" target=\"_blank\" rel=\"noopener noreferrer\">el uso del imperativo<\/a>. La pr\u00f3xima semana toca algo m\u00e1s relajado y tranquilo: <a href=\"https:\/\/yourspanishwindow.com\/blog\/typische-spanische-ausdrucke\" target=\"_blank\" rel=\"noopener noreferrer\">el uso de expresiones t\u00edpicas espa\u00f1olas<\/a>.<\/em><\/p>\n<p><em>\u00a1Hasta el pr\u00f3ximo jueves!<\/em><\/p>\n<p>\u00a0<\/p>\n\n\n<hr class=\"wp-block-separator has-text-color has-background\" style=\"background-color:#0086d2;color:#0086d2\"\/>\n\n\n\n<h4>\u00bfHablamos?<\/h4>\n<h4><br \/>Reserva tu clase de espa\u00f1ol de prueba gratis y prep\u00e1rate un rico caf\u00e9 o t\u00e9 ?:\u00a0<\/h4>\n\n\n<div class=\"wp-block-jetpack-calendly calendly-style-inline\" id=\"calendly-block-1\"><\/div>","protected":false},"excerpt":{"rendered":"<p>5\/5 &#8211; (7 votos) Heute, in Your Spanisch Window, werden wir erkl\u00e4ren, wann man den Subjuntivo im Spanischen verwenden kann.\u00a0 In der spanischen Sprache gibt es zwei Modi: Indicativo und&hellip;<a href=\"https:\/\/yourspanishwindow.com\/blog\/wann-verwendet-man-subjuntivo-spanischen\" class=\"more-link\">Contin\u00faa leyendo <span class=\"screen-reader-text\">Wann verwendet man Subjuntivo im Spanischen? (El subjuntivo)<\/span><\/a><\/p>\n","protected":false},"author":2,"featured_media":492,"comment_status":"open","ping_status":"open","sticky":false,"template":"","format":"standard","meta":{"spay_email":""},"categories":[2,12,43],"tags":[42],"yoast_head":"<!-- This site is optimized with the Yoast SEO plugin v18.1 - https:\/\/yoast.com\/wordpress\/plugins\/seo\/ -->\n<title>Wann verwendet man den Subjuntivo im Spanischen? (El subjuntivo)<\/title>\n<meta name=\"description\" content=\"wann verwendet man Subjuntivo im Spanischen. In der spanischen Sprache gibt es zwei Modi: Indicativo und Subjuntivo. Der Subjuntivo zeigt eine pers\u00f6nliche Haltung zu Dingen. Zwei Handlungen verbinden. Aunque + Subjuntivo. Relativs\u00e4tze. Spanisch als Fremdsprache lernen. Spanisch online lernen\" \/>\n<meta name=\"robots\" content=\"index, follow, max-snippet:-1, max-image-preview:large, max-video-preview:-1\" \/>\n<link rel=\"canonical\" href=\"https:\/\/yourspanishwindow.com\/blog\/wann-verwendet-man-subjuntivo-spanischen\" \/>\n<meta property=\"og:locale\" content=\"es_ES\" \/>\n<meta property=\"og:type\" content=\"article\" \/>\n<meta property=\"og:title\" content=\"Wann verwendet man den Subjuntivo im Spanischen? (El subjuntivo)\" \/>\n<meta property=\"og:description\" content=\"wann verwendet man Subjuntivo im Spanischen. In der spanischen Sprache gibt es zwei Modi: Indicativo und Subjuntivo. Der Subjuntivo zeigt eine pers\u00f6nliche Haltung zu Dingen. Zwei Handlungen verbinden. Aunque + Subjuntivo. Relativs\u00e4tze. Spanisch als Fremdsprache lernen. Spanisch online lernen\" \/>\n<meta property=\"og:url\" content=\"https:\/\/yourspanishwindow.com\/blog\/wann-verwendet-man-subjuntivo-spanischen\" \/>\n<meta property=\"og:site_name\" content=\"BLOG Your Spanish Window\" \/>\n<meta property=\"article:publisher\" content=\"https:\/\/www.facebook.com\/yourspanishwindow\/\" \/>\n<meta property=\"article:published_time\" content=\"2018-02-01T08:21:43+00:00\" \/>\n<meta property=\"article:modified_time\" content=\"2021-01-21T10:19:53+00:00\" \/>\n<meta property=\"og:image\" content=\"https:\/\/yourspanishwindow.com\/blog\/wp-content\/uploads\/2018\/01\/\u00bfINDICATIVO-O-SUBJUNTIVO_.jpg\" \/>\n\t<meta property=\"og:image:width\" content=\"940\" \/>\n\t<meta property=\"og:image:height\" content=\"788\" \/>\n\t<meta property=\"og:image:type\" content=\"image\/jpeg\" \/>\n<meta name=\"twitter:card\" content=\"summary_large_image\" \/>\n<meta name=\"twitter:label1\" content=\"Escrito por\" \/>\n\t<meta name=\"twitter:data1\" content=\"Mar\u00eda Mart\u00edn Sierra\" \/>\n\t<meta name=\"twitter:label2\" content=\"Tiempo de lectura\" \/>\n\t<meta name=\"twitter:data2\" content=\"10 minutos\" \/>\n<script type=\"application\/ld+json\" class=\"yoast-schema-graph\">{\"@context\":\"https:\/\/schema.org\",\"@graph\":[{\"@type\":\"Organization\",\"@id\":\"https:\/\/yourspanishwindow.com\/blog\/#organization\",\"name\":\"Your Spanish Window\",\"url\":\"https:\/\/yourspanishwindow.com\/blog\/\",\"sameAs\":[\"https:\/\/www.facebook.com\/yourspanishwindow\/\",\"https:\/\/www.youtube.com\/channel\/UCVw_pbvKeGQIfqSDENu3XlQ\"],\"logo\":{\"@type\":\"ImageObject\",\"@id\":\"https:\/\/yourspanishwindow.com\/blog\/#logo\",\"inLanguage\":\"es\",\"url\":\"https:\/\/yourspanishwindow.com\/blog\/wp-content\/uploads\/2017\/12\/logo-blue.png\",\"contentUrl\":\"https:\/\/yourspanishwindow.com\/blog\/wp-content\/uploads\/2017\/12\/logo-blue.png\",\"width\":606,\"height\":228,\"caption\":\"Your Spanish Window\"},\"image\":{\"@id\":\"https:\/\/yourspanishwindow.com\/blog\/#logo\"}},{\"@type\":\"WebSite\",\"@id\":\"https:\/\/yourspanishwindow.com\/blog\/#website\",\"url\":\"https:\/\/yourspanishwindow.com\/blog\/\",\"name\":\"BLOG Your Spanish Window\",\"description\":\"\",\"publisher\":{\"@id\":\"https:\/\/yourspanishwindow.com\/blog\/#organization\"},\"potentialAction\":[{\"@type\":\"SearchAction\",\"target\":{\"@type\":\"EntryPoint\",\"urlTemplate\":\"https:\/\/yourspanishwindow.com\/blog\/?s={search_term_string}\"},\"query-input\":\"required name=search_term_string\"}],\"inLanguage\":\"es\"},{\"@type\":\"ImageObject\",\"@id\":\"https:\/\/yourspanishwindow.com\/blog\/wann-verwendet-man-subjuntivo-spanischen#primaryimage\",\"inLanguage\":\"es\",\"url\":\"https:\/\/yourspanishwindow.com\/blog\/wp-content\/uploads\/2018\/01\/\u00bfINDICATIVO-O-SUBJUNTIVO_.jpg\",\"contentUrl\":\"https:\/\/yourspanishwindow.com\/blog\/wp-content\/uploads\/2018\/01\/\u00bfINDICATIVO-O-SUBJUNTIVO_.jpg\",\"width\":940,\"height\":788,\"caption\":\"wann verwendet man subjuntivo im Spanischen\"},{\"@type\":\"WebPage\",\"@id\":\"https:\/\/yourspanishwindow.com\/blog\/wann-verwendet-man-subjuntivo-spanischen#webpage\",\"url\":\"https:\/\/yourspanishwindow.com\/blog\/wann-verwendet-man-subjuntivo-spanischen\",\"name\":\"Wann verwendet man den Subjuntivo im Spanischen? (El subjuntivo)\",\"isPartOf\":{\"@id\":\"https:\/\/yourspanishwindow.com\/blog\/#website\"},\"primaryImageOfPage\":{\"@id\":\"https:\/\/yourspanishwindow.com\/blog\/wann-verwendet-man-subjuntivo-spanischen#primaryimage\"},\"datePublished\":\"2018-02-01T08:21:43+00:00\",\"dateModified\":\"2021-01-21T10:19:53+00:00\",\"description\":\"wann verwendet man Subjuntivo im Spanischen. In der spanischen Sprache gibt es zwei Modi: Indicativo und Subjuntivo. Der Subjuntivo zeigt eine pers\u00f6nliche Haltung zu Dingen. Zwei Handlungen verbinden. Aunque + Subjuntivo. Relativs\u00e4tze. Spanisch als Fremdsprache lernen. Spanisch online lernen\",\"breadcrumb\":{\"@id\":\"https:\/\/yourspanishwindow.com\/blog\/wann-verwendet-man-subjuntivo-spanischen#breadcrumb\"},\"inLanguage\":\"es\",\"potentialAction\":[{\"@type\":\"ReadAction\",\"target\":[\"https:\/\/yourspanishwindow.com\/blog\/wann-verwendet-man-subjuntivo-spanischen\"]}]},{\"@type\":\"BreadcrumbList\",\"@id\":\"https:\/\/yourspanishwindow.com\/blog\/wann-verwendet-man-subjuntivo-spanischen#breadcrumb\",\"itemListElement\":[{\"@type\":\"ListItem\",\"position\":1,\"name\":\"Portada\",\"item\":\"https:\/\/yourspanishwindow.com\/blog\"},{\"@type\":\"ListItem\",\"position\":2,\"name\":\"Wann verwendet man Subjuntivo im Spanischen? (El subjuntivo)\"}]},{\"@type\":\"Article\",\"@id\":\"https:\/\/yourspanishwindow.com\/blog\/wann-verwendet-man-subjuntivo-spanischen#article\",\"isPartOf\":{\"@id\":\"https:\/\/yourspanishwindow.com\/blog\/wann-verwendet-man-subjuntivo-spanischen#webpage\"},\"author\":{\"@id\":\"https:\/\/yourspanishwindow.com\/blog\/#\/schema\/person\/9ea85f2d12b378d569af604ec2857e30\"},\"headline\":\"Wann verwendet man Subjuntivo im Spanischen? (El subjuntivo)\",\"datePublished\":\"2018-02-01T08:21:43+00:00\",\"dateModified\":\"2021-01-21T10:19:53+00:00\",\"mainEntityOfPage\":{\"@id\":\"https:\/\/yourspanishwindow.com\/blog\/wann-verwendet-man-subjuntivo-spanischen#webpage\"},\"wordCount\":1919,\"commentCount\":2,\"publisher\":{\"@id\":\"https:\/\/yourspanishwindow.com\/blog\/#organization\"},\"image\":{\"@id\":\"https:\/\/yourspanishwindow.com\/blog\/wann-verwendet-man-subjuntivo-spanischen#primaryimage\"},\"thumbnailUrl\":\"https:\/\/yourspanishwindow.com\/blog\/wp-content\/uploads\/2018\/01\/\u00bfINDICATIVO-O-SUBJUNTIVO_.jpg\",\"keywords\":[\"subjuntivo\"],\"articleSection\":[\"Nivel avanzado\",\"Nivel intermedio\",\"Spanisch lernen\"],\"inLanguage\":\"es\",\"potentialAction\":[{\"@type\":\"CommentAction\",\"name\":\"Comment\",\"target\":[\"https:\/\/yourspanishwindow.com\/blog\/wann-verwendet-man-subjuntivo-spanischen#respond\"]}]},{\"@type\":\"Person\",\"@id\":\"https:\/\/yourspanishwindow.com\/blog\/#\/schema\/person\/9ea85f2d12b378d569af604ec2857e30\",\"name\":\"Mar\u00eda Mart\u00edn Sierra\",\"image\":{\"@type\":\"ImageObject\",\"@id\":\"https:\/\/yourspanishwindow.com\/blog\/#personlogo\",\"inLanguage\":\"es\",\"url\":\"https:\/\/secure.gravatar.com\/avatar\/a80c8dbc48b87d9c47488219c4c4fea0?s=96&d=mm&r=g\",\"contentUrl\":\"https:\/\/secure.gravatar.com\/avatar\/a80c8dbc48b87d9c47488219c4c4fea0?s=96&d=mm&r=g\",\"caption\":\"Mar\u00eda Mart\u00edn Sierra\"}}]}<\/script>\n<!-- \/ Yoast SEO plugin. -->","yoast_head_json":{"title":"Wann verwendet man den Subjuntivo im Spanischen? (El subjuntivo)","description":"wann verwendet man Subjuntivo im Spanischen. In der spanischen Sprache gibt es zwei Modi: Indicativo und Subjuntivo. Der Subjuntivo zeigt eine pers\u00f6nliche Haltung zu Dingen. Zwei Handlungen verbinden. Aunque + Subjuntivo. Relativs\u00e4tze. Spanisch als Fremdsprache lernen. Spanisch online lernen","robots":{"index":"index","follow":"follow","max-snippet":"max-snippet:-1","max-image-preview":"max-image-preview:large","max-video-preview":"max-video-preview:-1"},"canonical":"https:\/\/yourspanishwindow.com\/blog\/wann-verwendet-man-subjuntivo-spanischen","og_locale":"es_ES","og_type":"article","og_title":"Wann verwendet man den Subjuntivo im Spanischen? (El subjuntivo)","og_description":"wann verwendet man Subjuntivo im Spanischen. In der spanischen Sprache gibt es zwei Modi: Indicativo und Subjuntivo. Der Subjuntivo zeigt eine pers\u00f6nliche Haltung zu Dingen. Zwei Handlungen verbinden. Aunque + Subjuntivo. Relativs\u00e4tze. Spanisch als Fremdsprache lernen. Spanisch online lernen","og_url":"https:\/\/yourspanishwindow.com\/blog\/wann-verwendet-man-subjuntivo-spanischen","og_site_name":"BLOG Your Spanish Window","article_publisher":"https:\/\/www.facebook.com\/yourspanishwindow\/","article_published_time":"2018-02-01T08:21:43+00:00","article_modified_time":"2021-01-21T10:19:53+00:00","og_image":[{"width":940,"height":788,"url":"https:\/\/yourspanishwindow.com\/blog\/wp-content\/uploads\/2018\/01\/\u00bfINDICATIVO-O-SUBJUNTIVO_.jpg","type":"image\/jpeg"}],"twitter_card":"summary_large_image","twitter_misc":{"Escrito por":"Mar\u00eda Mart\u00edn Sierra","Tiempo de lectura":"10 minutos"},"schema":{"@context":"https:\/\/schema.org","@graph":[{"@type":"Organization","@id":"https:\/\/yourspanishwindow.com\/blog\/#organization","name":"Your Spanish Window","url":"https:\/\/yourspanishwindow.com\/blog\/","sameAs":["https:\/\/www.facebook.com\/yourspanishwindow\/","https:\/\/www.youtube.com\/channel\/UCVw_pbvKeGQIfqSDENu3XlQ"],"logo":{"@type":"ImageObject","@id":"https:\/\/yourspanishwindow.com\/blog\/#logo","inLanguage":"es","url":"https:\/\/yourspanishwindow.com\/blog\/wp-content\/uploads\/2017\/12\/logo-blue.png","contentUrl":"https:\/\/yourspanishwindow.com\/blog\/wp-content\/uploads\/2017\/12\/logo-blue.png","width":606,"height":228,"caption":"Your Spanish Window"},"image":{"@id":"https:\/\/yourspanishwindow.com\/blog\/#logo"}},{"@type":"WebSite","@id":"https:\/\/yourspanishwindow.com\/blog\/#website","url":"https:\/\/yourspanishwindow.com\/blog\/","name":"BLOG Your Spanish Window","description":"","publisher":{"@id":"https:\/\/yourspanishwindow.com\/blog\/#organization"},"potentialAction":[{"@type":"SearchAction","target":{"@type":"EntryPoint","urlTemplate":"https:\/\/yourspanishwindow.com\/blog\/?s={search_term_string}"},"query-input":"required name=search_term_string"}],"inLanguage":"es"},{"@type":"ImageObject","@id":"https:\/\/yourspanishwindow.com\/blog\/wann-verwendet-man-subjuntivo-spanischen#primaryimage","inLanguage":"es","url":"https:\/\/yourspanishwindow.com\/blog\/wp-content\/uploads\/2018\/01\/\u00bfINDICATIVO-O-SUBJUNTIVO_.jpg","contentUrl":"https:\/\/yourspanishwindow.com\/blog\/wp-content\/uploads\/2018\/01\/\u00bfINDICATIVO-O-SUBJUNTIVO_.jpg","width":940,"height":788,"caption":"wann verwendet man subjuntivo im Spanischen"},{"@type":"WebPage","@id":"https:\/\/yourspanishwindow.com\/blog\/wann-verwendet-man-subjuntivo-spanischen#webpage","url":"https:\/\/yourspanishwindow.com\/blog\/wann-verwendet-man-subjuntivo-spanischen","name":"Wann verwendet man den Subjuntivo im Spanischen? (El subjuntivo)","isPartOf":{"@id":"https:\/\/yourspanishwindow.com\/blog\/#website"},"primaryImageOfPage":{"@id":"https:\/\/yourspanishwindow.com\/blog\/wann-verwendet-man-subjuntivo-spanischen#primaryimage"},"datePublished":"2018-02-01T08:21:43+00:00","dateModified":"2021-01-21T10:19:53+00:00","description":"wann verwendet man Subjuntivo im Spanischen. In der spanischen Sprache gibt es zwei Modi: Indicativo und Subjuntivo. Der Subjuntivo zeigt eine pers\u00f6nliche Haltung zu Dingen. Zwei Handlungen verbinden. Aunque + Subjuntivo. Relativs\u00e4tze. Spanisch als Fremdsprache lernen. Spanisch online lernen","breadcrumb":{"@id":"https:\/\/yourspanishwindow.com\/blog\/wann-verwendet-man-subjuntivo-spanischen#breadcrumb"},"inLanguage":"es","potentialAction":[{"@type":"ReadAction","target":["https:\/\/yourspanishwindow.com\/blog\/wann-verwendet-man-subjuntivo-spanischen"]}]},{"@type":"BreadcrumbList","@id":"https:\/\/yourspanishwindow.com\/blog\/wann-verwendet-man-subjuntivo-spanischen#breadcrumb","itemListElement":[{"@type":"ListItem","position":1,"name":"Portada","item":"https:\/\/yourspanishwindow.com\/blog"},{"@type":"ListItem","position":2,"name":"Wann verwendet man Subjuntivo im Spanischen? (El subjuntivo)"}]},{"@type":"Article","@id":"https:\/\/yourspanishwindow.com\/blog\/wann-verwendet-man-subjuntivo-spanischen#article","isPartOf":{"@id":"https:\/\/yourspanishwindow.com\/blog\/wann-verwendet-man-subjuntivo-spanischen#webpage"},"author":{"@id":"https:\/\/yourspanishwindow.com\/blog\/#\/schema\/person\/9ea85f2d12b378d569af604ec2857e30"},"headline":"Wann verwendet man Subjuntivo im Spanischen? (El subjuntivo)","datePublished":"2018-02-01T08:21:43+00:00","dateModified":"2021-01-21T10:19:53+00:00","mainEntityOfPage":{"@id":"https:\/\/yourspanishwindow.com\/blog\/wann-verwendet-man-subjuntivo-spanischen#webpage"},"wordCount":1919,"commentCount":2,"publisher":{"@id":"https:\/\/yourspanishwindow.com\/blog\/#organization"},"image":{"@id":"https:\/\/yourspanishwindow.com\/blog\/wann-verwendet-man-subjuntivo-spanischen#primaryimage"},"thumbnailUrl":"https:\/\/yourspanishwindow.com\/blog\/wp-content\/uploads\/2018\/01\/\u00bfINDICATIVO-O-SUBJUNTIVO_.jpg","keywords":["subjuntivo"],"articleSection":["Nivel avanzado","Nivel intermedio","Spanisch lernen"],"inLanguage":"es","potentialAction":[{"@type":"CommentAction","name":"Comment","target":["https:\/\/yourspanishwindow.com\/blog\/wann-verwendet-man-subjuntivo-spanischen#respond"]}]},{"@type":"Person","@id":"https:\/\/yourspanishwindow.com\/blog\/#\/schema\/person\/9ea85f2d12b378d569af604ec2857e30","name":"Mar\u00eda Mart\u00edn Sierra","image":{"@type":"ImageObject","@id":"https:\/\/yourspanishwindow.com\/blog\/#personlogo","inLanguage":"es","url":"https:\/\/secure.gravatar.com\/avatar\/a80c8dbc48b87d9c47488219c4c4fea0?s=96&d=mm&r=g","contentUrl":"https:\/\/secure.gravatar.com\/avatar\/a80c8dbc48b87d9c47488219c4c4fea0?s=96&d=mm&r=g","caption":"Mar\u00eda Mart\u00edn Sierra"}}]}},"jetpack_featured_media_url":"https:\/\/yourspanishwindow.com\/blog\/wp-content\/uploads\/2018\/01\/\u00bfINDICATIVO-O-SUBJUNTIVO_.jpg","_links":{"self":[{"href":"https:\/\/yourspanishwindow.com\/blog\/wp-json\/wp\/v2\/posts\/478"}],"collection":[{"href":"https:\/\/yourspanishwindow.com\/blog\/wp-json\/wp\/v2\/posts"}],"about":[{"href":"https:\/\/yourspanishwindow.com\/blog\/wp-json\/wp\/v2\/types\/post"}],"author":[{"embeddable":true,"href":"https:\/\/yourspanishwindow.com\/blog\/wp-json\/wp\/v2\/users\/2"}],"replies":[{"embeddable":true,"href":"https:\/\/yourspanishwindow.com\/blog\/wp-json\/wp\/v2\/comments?post=478"}],"version-history":[{"count":89,"href":"https:\/\/yourspanishwindow.com\/blog\/wp-json\/wp\/v2\/posts\/478\/revisions"}],"predecessor-version":[{"id":2884,"href":"https:\/\/yourspanishwindow.com\/blog\/wp-json\/wp\/v2\/posts\/478\/revisions\/2884"}],"wp:featuredmedia":[{"embeddable":true,"href":"https:\/\/yourspanishwindow.com\/blog\/wp-json\/wp\/v2\/media\/492"}],"wp:attachment":[{"href":"https:\/\/yourspanishwindow.com\/blog\/wp-json\/wp\/v2\/media?parent=478"}],"wp:term":[{"taxonomy":"category","embeddable":true,"href":"https:\/\/yourspanishwindow.com\/blog\/wp-json\/wp\/v2\/categories?post=478"},{"taxonomy":"post_tag","embeddable":true,"href":"https:\/\/yourspanishwindow.com\/blog\/wp-json\/wp\/v2\/tags?post=478"}],"curies":[{"name":"wp","href":"https:\/\/api.w.org\/{rel}","templated":true}]}}