{"id":4002,"date":"2024-05-24T19:19:41","date_gmt":"2024-05-24T19:19:41","guid":{"rendered":"https:\/\/yourspanishwindow.com\/blog\/?p=4002"},"modified":"2024-05-26T16:39:20","modified_gmt":"2024-05-26T16:39:20","slug":"was-unterschiede-por-fin-finalmente-final","status":"publish","type":"post","link":"https:\/\/yourspanishwindow.com\/blog\/was-unterschiede-por-fin-finalmente-final","title":{"rendered":"Was sind die Unterschiede zwischen por fin, en fin, finalmente und final?"},"content":{"rendered":"\n<div class=\"kk-star-ratings\n     kksr-valign-top     kksr-align-left    \"\n    data-payload=\"{&quot;align&quot;:&quot;left&quot;,&quot;id&quot;:&quot;4002&quot;,&quot;slug&quot;:&quot;default&quot;,&quot;valign&quot;:&quot;top&quot;,&quot;reference&quot;:&quot;auto&quot;,&quot;count&quot;:&quot;0&quot;,&quot;readonly&quot;:&quot;&quot;,&quot;score&quot;:&quot;0&quot;,&quot;best&quot;:&quot;5&quot;,&quot;gap&quot;:&quot;0&quot;,&quot;greet&quot;:&quot;&quot;,&quot;legend&quot;:&quot;0\\\/5 - (0 votos)&quot;,&quot;size&quot;:&quot;0&quot;,&quot;width&quot;:&quot;0&quot;,&quot;_legend&quot;:&quot;{score}\\\/{best} - ({count} {votes})&quot;}\">\n    \n<div class=\"kksr-stars\">\n    \n<div class=\"kksr-stars-inactive\">\n            <div class=\"kksr-star\" data-star=\"1\" style=\"padding-right: 0px\">\n            \n\n<div class=\"kksr-icon\" style=\"width: 0px; height: 0px;\"><\/div>\n        <\/div>\n            <div class=\"kksr-star\" data-star=\"2\" style=\"padding-right: 0px\">\n            \n\n<div class=\"kksr-icon\" style=\"width: 0px; height: 0px;\"><\/div>\n        <\/div>\n            <div class=\"kksr-star\" data-star=\"3\" style=\"padding-right: 0px\">\n            \n\n<div class=\"kksr-icon\" style=\"width: 0px; height: 0px;\"><\/div>\n        <\/div>\n            <div class=\"kksr-star\" data-star=\"4\" style=\"padding-right: 0px\">\n            \n\n<div class=\"kksr-icon\" style=\"width: 0px; height: 0px;\"><\/div>\n        <\/div>\n            <div class=\"kksr-star\" data-star=\"5\" style=\"padding-right: 0px\">\n            \n\n<div class=\"kksr-icon\" style=\"width: 0px; height: 0px;\"><\/div>\n        <\/div>\n    <\/div>\n    \n<div class=\"kksr-stars-active\" style=\"width: 0px;\">\n            <div class=\"kksr-star\" style=\"padding-right: 0px\">\n            \n\n<div class=\"kksr-icon\" style=\"width: 0px; height: 0px;\"><\/div>\n        <\/div>\n            <div class=\"kksr-star\" style=\"padding-right: 0px\">\n            \n\n<div class=\"kksr-icon\" style=\"width: 0px; height: 0px;\"><\/div>\n        <\/div>\n            <div class=\"kksr-star\" style=\"padding-right: 0px\">\n            \n\n<div class=\"kksr-icon\" style=\"width: 0px; height: 0px;\"><\/div>\n        <\/div>\n            <div class=\"kksr-star\" style=\"padding-right: 0px\">\n            \n\n<div class=\"kksr-icon\" style=\"width: 0px; height: 0px;\"><\/div>\n        <\/div>\n            <div class=\"kksr-star\" style=\"padding-right: 0px\">\n            \n\n<div class=\"kksr-icon\" style=\"width: 0px; height: 0px;\"><\/div>\n        <\/div>\n    <\/div>\n<\/div>\n    \n<div class=\"kksr-legend\">\n            <span class=\"kksr-muted\"><\/span>\n    <\/div>\n<\/div>\n\n<p>Immer wieder taucht in meinen Spanischkursen diese Frage auf: \u00abMar\u00eda, was sind die Unterschiede zwischen den W\u00f6rtern por fin, en fin, finalmente und final?\u00bb<br \/>Da ich sehe, dass diese Frage immer wieder gestellt wird, habe ich beschlossen, sie in diesem Blogbeitrag und in diesem YouTube-Video zu erkl\u00e4ren:<\/p>\n<p><em>En alg\u00fan momento de mis cursos de espa\u00f1ol aparece esta pregunta: \u00abMar\u00eda \u00bfCu\u00e1les son las diferencias entre las palabras por fin, en fin, finalmente y final?\u00bb<\/em><br \/><em>As\u00ed que, como veo que es una pregunta recurrente, he decidido explicarlo todo tanto en este art\u00edculo de mi blog como en este v\u00eddeo de YouTube:<\/em><\/p>\n<p>\u00a0<\/p>\n\n\n\n<figure class=\"wp-block-embed is-type-video is-provider-youtube wp-block-embed-youtube wp-embed-aspect-16-9 wp-has-aspect-ratio\"><div class=\"wp-block-embed__wrapper\">\n<iframe title=\"\u00bfCu\u00e1les son las diferencias entre final, fin, finalmente y al fin?\" width=\"1040\" height=\"585\" src=\"https:\/\/www.youtube.com\/embed\/TKcaGyLi_84?feature=oembed\" frameborder=\"0\" allow=\"accelerometer; autoplay; clipboard-write; encrypted-media; gyroscope; picture-in-picture; web-share\" referrerpolicy=\"strict-origin-when-cross-origin\" allowfullscreen><\/iframe>\n<\/div><\/figure>\n\n\n\n<p>&nbsp;<\/p>\n<p>Ich beginne mit den einfachsten, n\u00e4mlich den Substantiven. Substantive sind daran zu erkennen, dass sie entweder von einem bestimmten Artikel ( el &#8211; der; la &#8211; sie) oder einem unbestimmten Artikel (un(o) &#8211; ein; una &#8211; eine ) begleitet werden.<\/p>\n<p><em>Voy a empezar por lo m\u00e1s sencillo, esto es, los sustantivos. Los nombres o sustantivos son reconocibles porque aparecen acompa\u00f1ados o bien por un art\u00edculo determinado (el \/ la) o por uno indeterminado (uno \/ una)<\/em>.<\/p>\n<p>&nbsp;<\/p>\n<h3>El fin<\/h3>\n<ul>\n<li><strong>El fin de semana<\/strong><span style=\"font-weight: 400;\"><strong>.<\/strong> <br>Dies ist der Teil der Woche, der Samstag und Sonntag umfasst, also das&nbsp;Wochenende. <br><br><em>Esta es la parte de la semana que comprende normalmente el s\u00e1bado y el domingo<\/em>.<\/span><span style=\"font-weight: 400;\"><br><\/span><br><img class=\"alignnone size-medium wp-image-4006\" src=\"https:\/\/yourspanishwindow.com\/blog\/wp-content\/uploads\/2024\/05\/fin-semana-300x176.jpg\" alt=\"Fin semana\" width=\"300\" height=\"176\" srcset=\"https:\/\/yourspanishwindow.com\/blog\/wp-content\/uploads\/2024\/05\/fin-semana-300x176.jpg 300w, https:\/\/yourspanishwindow.com\/blog\/wp-content\/uploads\/2024\/05\/fin-semana-1024x600.jpg 1024w, https:\/\/yourspanishwindow.com\/blog\/wp-content\/uploads\/2024\/05\/fin-semana-768x450.jpg 768w, https:\/\/yourspanishwindow.com\/blog\/wp-content\/uploads\/2024\/05\/fin-semana-750x439.jpg 750w, https:\/\/yourspanishwindow.com\/blog\/wp-content\/uploads\/2024\/05\/fin-semana.jpg 1227w\" sizes=\"(max-width: 300px) 100vw, 300px\" \/>\n<p>&nbsp;<\/p>\n<p><img class=\"size-medium wp-image-4008\" src=\"https:\/\/yourspanishwindow.com\/blog\/wp-content\/uploads\/2024\/05\/fin-semana-pasado-300x196.jpg\" alt=\"\" width=\"300\" height=\"196\" srcset=\"https:\/\/yourspanishwindow.com\/blog\/wp-content\/uploads\/2024\/05\/fin-semana-pasado-300x196.jpg 300w, https:\/\/yourspanishwindow.com\/blog\/wp-content\/uploads\/2024\/05\/fin-semana-pasado-1024x668.jpg 1024w, https:\/\/yourspanishwindow.com\/blog\/wp-content\/uploads\/2024\/05\/fin-semana-pasado-768x501.jpg 768w, https:\/\/yourspanishwindow.com\/blog\/wp-content\/uploads\/2024\/05\/fin-semana-pasado-750x489.jpg 750w, https:\/\/yourspanishwindow.com\/blog\/wp-content\/uploads\/2024\/05\/fin-semana-pasado.jpg 1390w\" sizes=\"(max-width: 300px) 100vw, 300px\" \/><\/p>\n<\/li>\n<\/ul>\n<p>&nbsp;<\/p>\n\n\n<ul>\n<li><span style=\"font-weight: 400;\"><strong>El fin; el final.<br><\/strong> <br><\/span><span style=\"font-weight: 400;\">Es wird verwendet, um zu sagen, dass etwas zu Ende ist oder kurz vor dem Ende steht. <br><em>Se usa para decir que algo ha terminado o que algo est\u00e1 a punto de terminar<\/em>.\n<p><span style=\"font-weight: 400;\">Beispiele:<br><em>Ejemplos:<\/em><\/span><\/p><em>\n<\/em><p><em><\/em><\/p>\n<ul>\n<li><span style=\"font-weight: 400;\">No me ha gustado el final de la pel\u00edcula.<br>Das Ende des Films hat mir nicht gefallen.\n<p><\/p><\/span><\/li>\n<li>Espera a leer el final del libro, \u00a1te va a sorprender!<br>Warte, bis du das Ende des Buches gelesen hast, es wird dich \u00fcberraschen!\n<\/li>\n<li>La serie ha llegado a su fin.<br>Die Serie ist zu einem Ende gekommen.<\/li>\n<\/ul>\n<\/span><\/li>\n<\/ul>\n\n\n<p>\u27a1 Das spanische Wort<strong> \u201efin\u201c<\/strong> wird auch als Synonym f\u00fcr Grund oder Zweck verwendet.<\/p>\n<p><em>La palabra<strong> \u00abfin\u00bb<\/strong>&nbsp;tambi\u00e9n se usa como sin\u00f3nimo de motivo, raz\u00f3n o finalidad por la que hacemos algo<\/em>.<\/p>\n<p>Beispiele:<br><em>Ejemplos:<\/em><\/p>\n<ul>\n<li style=\"list-style-type: none;\">\n<ul>\n<li>Mi fin para aprender espa\u00f1ol es vivir alg\u00fan d\u00eda en Espa\u00f1a.<br>Mein Ziel beim Spanischlernen ist es, eines Tages in Spanien zu leben.<\/li>\n<\/ul>\n<\/li>\n<\/ul>\n<p>&nbsp;<\/p>\n\n\n<h3>La final.<\/h3>\n<p>Wir k\u00f6nnen auch das Wort \u201efinal\u201c mit dem bestimmten Artikel \u201ela\u201c finden. In diesem Fall geht es um den letzten und entscheidenden Wettkampf in einer Meisterschaft oder einem Wettbewerb (das Finale).<\/p>\n<p><em>Tambi\u00e9n podemos encontrar la palabra final acompa\u00f1ada por el art\u00edculo determinado la. En este caso hablamos sobre la \u00fa<\/em><em>ltima y decisiva competici\u00f3n en un campeonato o concurso<\/em>.<\/p>\n<p>Beispiele:<\/p>\n<ul>\n<li>La final de baloncesto se celebra este fin de semana.<br \/>An diesem Wochenende findet das Basketballfinale statt.<\/li>\n<li>Luis lleg\u00f3 hasta el final del concurso, pero perdi\u00f3 en la final.<br \/>Luis hat bis zum Ende des Wettbewerbs gek\u00e4mpft, aber im Finale verloren.<\/li>\n<\/ul>\n\n\n<h2>\u00a0<\/h2>\n<h2>Adverbials\u00e4tze<br \/><em>Locuciones adverbiales<\/em><\/h2>\n<p>\u00a0<\/p>\n<h3>Por fin und al fin<\/h3>\n<p>\u00a0<\/p>\n<p>Diese adverbialen Wendungen werden verwendet, um zu sagen, dass wir endlich das erreicht haben, worauf wir gewartet haben. <br \/><em>Estas locuciones adverbiales se usan para decir que finalmente hemos conseguido eso que tanto est\u00e1bamos esperando<\/em>.<\/p>\n<p>\u00a0<\/p>\n<p><img class=\"alignnone  wp-image-4022\" src=\"https:\/\/yourspanishwindow.com\/blog\/wp-content\/uploads\/2024\/05\/por-fin-al-fin-endlich.jpg\" alt=\"al-fin-por-fin-endlich\" width=\"535\" height=\"259\" srcset=\"https:\/\/yourspanishwindow.com\/blog\/wp-content\/uploads\/2024\/05\/por-fin-al-fin-endlich.jpg 1644w, https:\/\/yourspanishwindow.com\/blog\/wp-content\/uploads\/2024\/05\/por-fin-al-fin-endlich-300x145.jpg 300w, https:\/\/yourspanishwindow.com\/blog\/wp-content\/uploads\/2024\/05\/por-fin-al-fin-endlich-1024x496.jpg 1024w, https:\/\/yourspanishwindow.com\/blog\/wp-content\/uploads\/2024\/05\/por-fin-al-fin-endlich-768x372.jpg 768w, https:\/\/yourspanishwindow.com\/blog\/wp-content\/uploads\/2024\/05\/por-fin-al-fin-endlich-1536x744.jpg 1536w, https:\/\/yourspanishwindow.com\/blog\/wp-content\/uploads\/2024\/05\/por-fin-al-fin-endlich-750x363.jpg 750w\" sizes=\"(max-width: 535px) 100vw, 535px\" \/><\/p>\n<p>\u00a0<\/p>\n<h3>En fin<br \/><br \/><\/h3>\n<p>Dieser Adverbialsatz wird oft verwendet, um ein Gespr\u00e4ch zu beenden. Es ist wichtig, sie zu kennen, weil sie in Spanien h\u00e4ufig verwendet wird und diejenigen, die Spanisch als Zweitsprache lernen, nicht immer erkennen k\u00f6nnen, was die Absicht des Sprechers ist. <br \/><br \/><em>Esta locuci\u00f3n adverbial se suele usar para terminar una conversaci\u00f3n. Es importante conocerla porque se usa mucho en Espa\u00f1a y los que aprenden espa\u00f1ol como segunda lengua no siempre saben ver la intenci\u00f3n del hablante<\/em>.<br \/><br \/><\/p>\n<p>Beispiele:<\/p>\n<ul>\n<li>En fin, nos vemos la pr\u00f3xima semana.<br \/>Na ja, wir sehen uns n\u00e4chste Woche.<br \/>Also, bis n\u00e4chste Woche.<br \/><br \/><br \/><img class=\"alignnone  wp-image-4030\" src=\"https:\/\/yourspanishwindow.com\/blog\/wp-content\/uploads\/2024\/05\/Terminar-una-conversacion.jpg\" alt=\"Terminar-conversacion-espa\u00f1ol-spanischlernen\" width=\"585\" height=\"267\" srcset=\"https:\/\/yourspanishwindow.com\/blog\/wp-content\/uploads\/2024\/05\/Terminar-una-conversacion.jpg 1525w, https:\/\/yourspanishwindow.com\/blog\/wp-content\/uploads\/2024\/05\/Terminar-una-conversacion-300x137.jpg 300w, https:\/\/yourspanishwindow.com\/blog\/wp-content\/uploads\/2024\/05\/Terminar-una-conversacion-1024x467.jpg 1024w, https:\/\/yourspanishwindow.com\/blog\/wp-content\/uploads\/2024\/05\/Terminar-una-conversacion-768x351.jpg 768w, https:\/\/yourspanishwindow.com\/blog\/wp-content\/uploads\/2024\/05\/Terminar-una-conversacion-750x342.jpg 750w\" sizes=\"(max-width: 585px) 100vw, 585px\" \/><\/li>\n<\/ul>\n<p>\u00a0<\/p>\n<p>\u00a0<\/p>\n<h3>FINALMENTE<br \/><br \/><\/h3>\n<p>\u201eFinalmente\u201c (schlie\u00dflich) ist ein Adverb, mit dem man sagt, dass man etwas zuletzt tut.<br \/><em>Finalmente es un adverbio que se usa para decir que hacemos algo en \u00faltimo lugar<\/em>.<br \/><br \/><br \/><\/p>\n<p><img class=\"alignnone size-full wp-image-4040\" src=\"https:\/\/yourspanishwindow.com\/blog\/wp-content\/uploads\/2024\/05\/Finalmente-1.jpg\" alt=\"finalmente-final-spanischlernen\" width=\"1723\" height=\"617\" srcset=\"https:\/\/yourspanishwindow.com\/blog\/wp-content\/uploads\/2024\/05\/Finalmente-1.jpg 1723w, https:\/\/yourspanishwindow.com\/blog\/wp-content\/uploads\/2024\/05\/Finalmente-1-300x107.jpg 300w, https:\/\/yourspanishwindow.com\/blog\/wp-content\/uploads\/2024\/05\/Finalmente-1-1024x367.jpg 1024w, https:\/\/yourspanishwindow.com\/blog\/wp-content\/uploads\/2024\/05\/Finalmente-1-768x275.jpg 768w, https:\/\/yourspanishwindow.com\/blog\/wp-content\/uploads\/2024\/05\/Finalmente-1-1536x550.jpg 1536w, https:\/\/yourspanishwindow.com\/blog\/wp-content\/uploads\/2024\/05\/Finalmente-1-750x269.jpg 750w\" sizes=\"(max-width: 1723px) 100vw, 1723px\" \/><\/p>\n<p>\u00a0<\/p>\n<h3>A FINALES DE<\/h3>\n<p>\u00a0<\/p>\n<p>\u201eA final de\u201c un \u201ea finales de\u201c (am Ende \u00a0werden verwendet, um zu sagen, dass etwas in den letzten Tagen, Monaten oder Jahren des angegebenen Zeitraums getan wird.<\/p>\n<p><em>A final de y a finales de se usan para decir que algo se hace en los \u00faltimos d\u00edas, meses o a\u00f1os del periodo de tiempo que se indica.<\/em><\/p>\n<p>\u00a0<\/p>\n<p>Beispiele:<br \/>Ejemplos:<\/p>\n<ul>\n<li>Me voy de vacaciones a finales de esta semana.<br \/>Ich fahre Ende dieser Woche in den Urlaub.<br \/><br \/><\/li>\n<li>Yo cobro a finales de mes.<br \/>Ich erhalte mein Gehalt am Ende des Monats.<br \/><br \/><\/li>\n<li>Me re\u00fano con mi familia a finales de a\u00f1o.<br \/>Ich treffe meine Familie am Ende des Jahres.<\/li>\n<\/ul>\n<p>\u00a0<\/p>\n<p><img class=\"wp-image-4050 aligncenter\" src=\"https:\/\/yourspanishwindow.com\/blog\/wp-content\/uploads\/2024\/05\/mes-errores.jpg\" alt=\"mes errores spanischlernen\" width=\"323\" height=\"323\" srcset=\"https:\/\/yourspanishwindow.com\/blog\/wp-content\/uploads\/2024\/05\/mes-errores.jpg 1080w, https:\/\/yourspanishwindow.com\/blog\/wp-content\/uploads\/2024\/05\/mes-errores-300x300.jpg 300w, https:\/\/yourspanishwindow.com\/blog\/wp-content\/uploads\/2024\/05\/mes-errores-1024x1024.jpg 1024w, https:\/\/yourspanishwindow.com\/blog\/wp-content\/uploads\/2024\/05\/mes-errores-150x150.jpg 150w, https:\/\/yourspanishwindow.com\/blog\/wp-content\/uploads\/2024\/05\/mes-errores-768x768.jpg 768w, https:\/\/yourspanishwindow.com\/blog\/wp-content\/uploads\/2024\/05\/mes-errores-750x750.jpg 750w\" sizes=\"(max-width: 323px) 100vw, 323px\" \/><\/p>\n<p>\u00a0<\/p>\n<p>\u00a0<\/p>\n<p>En fin, esto es lo que principalmente necesitas saber. Este art\u00edculo del blog ha llegado a su fin y me despido hasta finales del pr\u00f3ximo mes.\u00a0<\/p>\n<p>Nun gut, hier ist das Wichtigste, was du wissen solltest. Dieser Blogbeitrag ist zu Ende und ich verabschiede mich bis zum Ende des n\u00e4chsten Monats.<\/p>\n<p>\u00a0<\/p>\n<h4>\u00bfHablamos?<\/h4>\n<h4><br \/>Reserva tu clase de espa\u00f1ol de prueba gratis y prep\u00e1rate un rico caf\u00e9 o t\u00e9 ?:\u00a0<\/h4>\n<p>\u00a0<\/p>\n<p>\u00a0<\/p>\n\n\n<div class=\"wp-block-jetpack-calendly calendly-style-inline\" id=\"calendly-block-1\"><\/div>","protected":false},"excerpt":{"rendered":"<p>Immer wieder taucht in meinen Spanischkursen diese Frage auf: \u00abMar\u00eda, was sind die Unterschiede zwischen den W\u00f6rtern por fin, en fin, finalmente und final?\u00bbDa ich sehe, dass diese Frage immer&hellip;<a href=\"https:\/\/yourspanishwindow.com\/blog\/was-unterschiede-por-fin-finalmente-final\" class=\"more-link\">Contin\u00faa leyendo <span class=\"screen-reader-text\">Was sind die Unterschiede zwischen por fin, en fin, finalmente und final?<\/span><\/a><\/p>\n","protected":false},"author":2,"featured_media":4015,"comment_status":"open","ping_status":"open","sticky":false,"template":"","format":"standard","meta":{"spay_email":""},"categories":[1],"tags":[26],"yoast_head":"<!-- This site is optimized with the Yoast SEO plugin v18.1 - https:\/\/yoast.com\/wordpress\/plugins\/seo\/ -->\n<title>Was sind die Unterschiede zwischen por fin, en fin, finalmente und final?<\/title>\n<meta name=\"robots\" content=\"index, follow, max-snippet:-1, max-image-preview:large, max-video-preview:-1\" \/>\n<link rel=\"canonical\" href=\"https:\/\/yourspanishwindow.com\/blog\/was-unterschiede-por-fin-finalmente-final\" \/>\n<meta property=\"og:locale\" content=\"es_ES\" \/>\n<meta property=\"og:type\" content=\"article\" \/>\n<meta property=\"og:title\" content=\"Was sind die Unterschiede zwischen por fin, en fin, finalmente und final?\" \/>\n<meta property=\"og:description\" content=\"Immer wieder taucht in meinen Spanischkursen diese Frage auf: \u00abMar\u00eda, was sind die Unterschiede zwischen den W\u00f6rtern por fin, en fin, finalmente und final?\u00bbDa ich sehe, dass diese Frage immer&hellip;Contin\u00faa leyendo Was sind die Unterschiede zwischen por fin, en fin, finalmente und final?\" \/>\n<meta property=\"og:url\" content=\"https:\/\/yourspanishwindow.com\/blog\/was-unterschiede-por-fin-finalmente-final\" \/>\n<meta property=\"og:site_name\" content=\"BLOG Your Spanish Window\" \/>\n<meta property=\"article:publisher\" content=\"https:\/\/www.facebook.com\/yourspanishwindow\/\" \/>\n<meta property=\"article:published_time\" content=\"2024-05-24T19:19:41+00:00\" \/>\n<meta property=\"article:modified_time\" content=\"2024-05-26T16:39:20+00:00\" \/>\n<meta property=\"og:image\" content=\"https:\/\/yourspanishwindow.com\/blog\/wp-content\/uploads\/2024\/05\/La-final-el-final-el-fin-1.jpg\" \/>\n\t<meta property=\"og:image:width\" content=\"1280\" \/>\n\t<meta property=\"og:image:height\" content=\"720\" \/>\n\t<meta property=\"og:image:type\" content=\"image\/jpeg\" \/>\n<meta name=\"twitter:card\" content=\"summary_large_image\" \/>\n<meta name=\"twitter:label1\" content=\"Escrito por\" \/>\n\t<meta name=\"twitter:data1\" content=\"Mar\u00eda Mart\u00edn Sierra\" \/>\n\t<meta name=\"twitter:label2\" content=\"Tiempo de lectura\" \/>\n\t<meta name=\"twitter:data2\" content=\"5 minutos\" \/>\n<script type=\"application\/ld+json\" class=\"yoast-schema-graph\">{\"@context\":\"https:\/\/schema.org\",\"@graph\":[{\"@type\":\"Organization\",\"@id\":\"https:\/\/yourspanishwindow.com\/blog\/#organization\",\"name\":\"Your Spanish Window\",\"url\":\"https:\/\/yourspanishwindow.com\/blog\/\",\"sameAs\":[\"https:\/\/www.facebook.com\/yourspanishwindow\/\",\"https:\/\/www.youtube.com\/channel\/UCVw_pbvKeGQIfqSDENu3XlQ\"],\"logo\":{\"@type\":\"ImageObject\",\"@id\":\"https:\/\/yourspanishwindow.com\/blog\/#logo\",\"inLanguage\":\"es\",\"url\":\"https:\/\/yourspanishwindow.com\/blog\/wp-content\/uploads\/2017\/12\/logo-blue.png\",\"contentUrl\":\"https:\/\/yourspanishwindow.com\/blog\/wp-content\/uploads\/2017\/12\/logo-blue.png\",\"width\":606,\"height\":228,\"caption\":\"Your Spanish Window\"},\"image\":{\"@id\":\"https:\/\/yourspanishwindow.com\/blog\/#logo\"}},{\"@type\":\"WebSite\",\"@id\":\"https:\/\/yourspanishwindow.com\/blog\/#website\",\"url\":\"https:\/\/yourspanishwindow.com\/blog\/\",\"name\":\"BLOG Your Spanish Window\",\"description\":\"\",\"publisher\":{\"@id\":\"https:\/\/yourspanishwindow.com\/blog\/#organization\"},\"potentialAction\":[{\"@type\":\"SearchAction\",\"target\":{\"@type\":\"EntryPoint\",\"urlTemplate\":\"https:\/\/yourspanishwindow.com\/blog\/?s={search_term_string}\"},\"query-input\":\"required name=search_term_string\"}],\"inLanguage\":\"es\"},{\"@type\":\"ImageObject\",\"@id\":\"https:\/\/yourspanishwindow.com\/blog\/was-unterschiede-por-fin-finalmente-final#primaryimage\",\"inLanguage\":\"es\",\"url\":\"https:\/\/yourspanishwindow.com\/blog\/wp-content\/uploads\/2024\/05\/La-final-el-final-el-fin-1.jpg\",\"contentUrl\":\"https:\/\/yourspanishwindow.com\/blog\/wp-content\/uploads\/2024\/05\/La-final-el-final-el-fin-1.jpg\",\"width\":1280,\"height\":720},{\"@type\":\"WebPage\",\"@id\":\"https:\/\/yourspanishwindow.com\/blog\/was-unterschiede-por-fin-finalmente-final#webpage\",\"url\":\"https:\/\/yourspanishwindow.com\/blog\/was-unterschiede-por-fin-finalmente-final\",\"name\":\"Was sind die Unterschiede zwischen por fin, en fin, finalmente und final?\",\"isPartOf\":{\"@id\":\"https:\/\/yourspanishwindow.com\/blog\/#website\"},\"primaryImageOfPage\":{\"@id\":\"https:\/\/yourspanishwindow.com\/blog\/was-unterschiede-por-fin-finalmente-final#primaryimage\"},\"datePublished\":\"2024-05-24T19:19:41+00:00\",\"dateModified\":\"2024-05-26T16:39:20+00:00\",\"breadcrumb\":{\"@id\":\"https:\/\/yourspanishwindow.com\/blog\/was-unterschiede-por-fin-finalmente-final#breadcrumb\"},\"inLanguage\":\"es\",\"potentialAction\":[{\"@type\":\"ReadAction\",\"target\":[\"https:\/\/yourspanishwindow.com\/blog\/was-unterschiede-por-fin-finalmente-final\"]}]},{\"@type\":\"BreadcrumbList\",\"@id\":\"https:\/\/yourspanishwindow.com\/blog\/was-unterschiede-por-fin-finalmente-final#breadcrumb\",\"itemListElement\":[{\"@type\":\"ListItem\",\"position\":1,\"name\":\"Portada\",\"item\":\"https:\/\/yourspanishwindow.com\/blog\"},{\"@type\":\"ListItem\",\"position\":2,\"name\":\"Was sind die Unterschiede zwischen por fin, en fin, finalmente und final?\"}]},{\"@type\":\"Article\",\"@id\":\"https:\/\/yourspanishwindow.com\/blog\/was-unterschiede-por-fin-finalmente-final#article\",\"isPartOf\":{\"@id\":\"https:\/\/yourspanishwindow.com\/blog\/was-unterschiede-por-fin-finalmente-final#webpage\"},\"author\":{\"@id\":\"https:\/\/yourspanishwindow.com\/blog\/#\/schema\/person\/9ea85f2d12b378d569af604ec2857e30\"},\"headline\":\"Was sind die Unterschiede zwischen por fin, en fin, finalmente und final?\",\"datePublished\":\"2024-05-24T19:19:41+00:00\",\"dateModified\":\"2024-05-26T16:39:20+00:00\",\"mainEntityOfPage\":{\"@id\":\"https:\/\/yourspanishwindow.com\/blog\/was-unterschiede-por-fin-finalmente-final#webpage\"},\"wordCount\":881,\"commentCount\":0,\"publisher\":{\"@id\":\"https:\/\/yourspanishwindow.com\/blog\/#organization\"},\"image\":{\"@id\":\"https:\/\/yourspanishwindow.com\/blog\/was-unterschiede-por-fin-finalmente-final#primaryimage\"},\"thumbnailUrl\":\"https:\/\/yourspanishwindow.com\/blog\/wp-content\/uploads\/2024\/05\/La-final-el-final-el-fin-1.jpg\",\"keywords\":[\"nivel intermedio\"],\"articleSection\":[\"Todo\"],\"inLanguage\":\"es\",\"potentialAction\":[{\"@type\":\"CommentAction\",\"name\":\"Comment\",\"target\":[\"https:\/\/yourspanishwindow.com\/blog\/was-unterschiede-por-fin-finalmente-final#respond\"]}]},{\"@type\":\"Person\",\"@id\":\"https:\/\/yourspanishwindow.com\/blog\/#\/schema\/person\/9ea85f2d12b378d569af604ec2857e30\",\"name\":\"Mar\u00eda Mart\u00edn Sierra\",\"image\":{\"@type\":\"ImageObject\",\"@id\":\"https:\/\/yourspanishwindow.com\/blog\/#personlogo\",\"inLanguage\":\"es\",\"url\":\"https:\/\/secure.gravatar.com\/avatar\/a80c8dbc48b87d9c47488219c4c4fea0?s=96&d=mm&r=g\",\"contentUrl\":\"https:\/\/secure.gravatar.com\/avatar\/a80c8dbc48b87d9c47488219c4c4fea0?s=96&d=mm&r=g\",\"caption\":\"Mar\u00eda Mart\u00edn Sierra\"}}]}<\/script>\n<!-- \/ Yoast SEO plugin. -->","yoast_head_json":{"title":"Was sind die Unterschiede zwischen por fin, en fin, finalmente und final?","robots":{"index":"index","follow":"follow","max-snippet":"max-snippet:-1","max-image-preview":"max-image-preview:large","max-video-preview":"max-video-preview:-1"},"canonical":"https:\/\/yourspanishwindow.com\/blog\/was-unterschiede-por-fin-finalmente-final","og_locale":"es_ES","og_type":"article","og_title":"Was sind die Unterschiede zwischen por fin, en fin, finalmente und final?","og_description":"Immer wieder taucht in meinen Spanischkursen diese Frage auf: \u00abMar\u00eda, was sind die Unterschiede zwischen den W\u00f6rtern por fin, en fin, finalmente und final?\u00bbDa ich sehe, dass diese Frage immer&hellip;Contin\u00faa leyendo Was sind die Unterschiede zwischen por fin, en fin, finalmente und final?","og_url":"https:\/\/yourspanishwindow.com\/blog\/was-unterschiede-por-fin-finalmente-final","og_site_name":"BLOG Your Spanish Window","article_publisher":"https:\/\/www.facebook.com\/yourspanishwindow\/","article_published_time":"2024-05-24T19:19:41+00:00","article_modified_time":"2024-05-26T16:39:20+00:00","og_image":[{"width":1280,"height":720,"url":"https:\/\/yourspanishwindow.com\/blog\/wp-content\/uploads\/2024\/05\/La-final-el-final-el-fin-1.jpg","type":"image\/jpeg"}],"twitter_card":"summary_large_image","twitter_misc":{"Escrito por":"Mar\u00eda Mart\u00edn Sierra","Tiempo de lectura":"5 minutos"},"schema":{"@context":"https:\/\/schema.org","@graph":[{"@type":"Organization","@id":"https:\/\/yourspanishwindow.com\/blog\/#organization","name":"Your Spanish Window","url":"https:\/\/yourspanishwindow.com\/blog\/","sameAs":["https:\/\/www.facebook.com\/yourspanishwindow\/","https:\/\/www.youtube.com\/channel\/UCVw_pbvKeGQIfqSDENu3XlQ"],"logo":{"@type":"ImageObject","@id":"https:\/\/yourspanishwindow.com\/blog\/#logo","inLanguage":"es","url":"https:\/\/yourspanishwindow.com\/blog\/wp-content\/uploads\/2017\/12\/logo-blue.png","contentUrl":"https:\/\/yourspanishwindow.com\/blog\/wp-content\/uploads\/2017\/12\/logo-blue.png","width":606,"height":228,"caption":"Your Spanish Window"},"image":{"@id":"https:\/\/yourspanishwindow.com\/blog\/#logo"}},{"@type":"WebSite","@id":"https:\/\/yourspanishwindow.com\/blog\/#website","url":"https:\/\/yourspanishwindow.com\/blog\/","name":"BLOG Your Spanish Window","description":"","publisher":{"@id":"https:\/\/yourspanishwindow.com\/blog\/#organization"},"potentialAction":[{"@type":"SearchAction","target":{"@type":"EntryPoint","urlTemplate":"https:\/\/yourspanishwindow.com\/blog\/?s={search_term_string}"},"query-input":"required name=search_term_string"}],"inLanguage":"es"},{"@type":"ImageObject","@id":"https:\/\/yourspanishwindow.com\/blog\/was-unterschiede-por-fin-finalmente-final#primaryimage","inLanguage":"es","url":"https:\/\/yourspanishwindow.com\/blog\/wp-content\/uploads\/2024\/05\/La-final-el-final-el-fin-1.jpg","contentUrl":"https:\/\/yourspanishwindow.com\/blog\/wp-content\/uploads\/2024\/05\/La-final-el-final-el-fin-1.jpg","width":1280,"height":720},{"@type":"WebPage","@id":"https:\/\/yourspanishwindow.com\/blog\/was-unterschiede-por-fin-finalmente-final#webpage","url":"https:\/\/yourspanishwindow.com\/blog\/was-unterschiede-por-fin-finalmente-final","name":"Was sind die Unterschiede zwischen por fin, en fin, finalmente und final?","isPartOf":{"@id":"https:\/\/yourspanishwindow.com\/blog\/#website"},"primaryImageOfPage":{"@id":"https:\/\/yourspanishwindow.com\/blog\/was-unterschiede-por-fin-finalmente-final#primaryimage"},"datePublished":"2024-05-24T19:19:41+00:00","dateModified":"2024-05-26T16:39:20+00:00","breadcrumb":{"@id":"https:\/\/yourspanishwindow.com\/blog\/was-unterschiede-por-fin-finalmente-final#breadcrumb"},"inLanguage":"es","potentialAction":[{"@type":"ReadAction","target":["https:\/\/yourspanishwindow.com\/blog\/was-unterschiede-por-fin-finalmente-final"]}]},{"@type":"BreadcrumbList","@id":"https:\/\/yourspanishwindow.com\/blog\/was-unterschiede-por-fin-finalmente-final#breadcrumb","itemListElement":[{"@type":"ListItem","position":1,"name":"Portada","item":"https:\/\/yourspanishwindow.com\/blog"},{"@type":"ListItem","position":2,"name":"Was sind die Unterschiede zwischen por fin, en fin, finalmente und final?"}]},{"@type":"Article","@id":"https:\/\/yourspanishwindow.com\/blog\/was-unterschiede-por-fin-finalmente-final#article","isPartOf":{"@id":"https:\/\/yourspanishwindow.com\/blog\/was-unterschiede-por-fin-finalmente-final#webpage"},"author":{"@id":"https:\/\/yourspanishwindow.com\/blog\/#\/schema\/person\/9ea85f2d12b378d569af604ec2857e30"},"headline":"Was sind die Unterschiede zwischen por fin, en fin, finalmente und final?","datePublished":"2024-05-24T19:19:41+00:00","dateModified":"2024-05-26T16:39:20+00:00","mainEntityOfPage":{"@id":"https:\/\/yourspanishwindow.com\/blog\/was-unterschiede-por-fin-finalmente-final#webpage"},"wordCount":881,"commentCount":0,"publisher":{"@id":"https:\/\/yourspanishwindow.com\/blog\/#organization"},"image":{"@id":"https:\/\/yourspanishwindow.com\/blog\/was-unterschiede-por-fin-finalmente-final#primaryimage"},"thumbnailUrl":"https:\/\/yourspanishwindow.com\/blog\/wp-content\/uploads\/2024\/05\/La-final-el-final-el-fin-1.jpg","keywords":["nivel intermedio"],"articleSection":["Todo"],"inLanguage":"es","potentialAction":[{"@type":"CommentAction","name":"Comment","target":["https:\/\/yourspanishwindow.com\/blog\/was-unterschiede-por-fin-finalmente-final#respond"]}]},{"@type":"Person","@id":"https:\/\/yourspanishwindow.com\/blog\/#\/schema\/person\/9ea85f2d12b378d569af604ec2857e30","name":"Mar\u00eda Mart\u00edn Sierra","image":{"@type":"ImageObject","@id":"https:\/\/yourspanishwindow.com\/blog\/#personlogo","inLanguage":"es","url":"https:\/\/secure.gravatar.com\/avatar\/a80c8dbc48b87d9c47488219c4c4fea0?s=96&d=mm&r=g","contentUrl":"https:\/\/secure.gravatar.com\/avatar\/a80c8dbc48b87d9c47488219c4c4fea0?s=96&d=mm&r=g","caption":"Mar\u00eda Mart\u00edn Sierra"}}]}},"jetpack_featured_media_url":"https:\/\/yourspanishwindow.com\/blog\/wp-content\/uploads\/2024\/05\/La-final-el-final-el-fin-1.jpg","_links":{"self":[{"href":"https:\/\/yourspanishwindow.com\/blog\/wp-json\/wp\/v2\/posts\/4002"}],"collection":[{"href":"https:\/\/yourspanishwindow.com\/blog\/wp-json\/wp\/v2\/posts"}],"about":[{"href":"https:\/\/yourspanishwindow.com\/blog\/wp-json\/wp\/v2\/types\/post"}],"author":[{"embeddable":true,"href":"https:\/\/yourspanishwindow.com\/blog\/wp-json\/wp\/v2\/users\/2"}],"replies":[{"embeddable":true,"href":"https:\/\/yourspanishwindow.com\/blog\/wp-json\/wp\/v2\/comments?post=4002"}],"version-history":[{"count":23,"href":"https:\/\/yourspanishwindow.com\/blog\/wp-json\/wp\/v2\/posts\/4002\/revisions"}],"predecessor-version":[{"id":4052,"href":"https:\/\/yourspanishwindow.com\/blog\/wp-json\/wp\/v2\/posts\/4002\/revisions\/4052"}],"wp:featuredmedia":[{"embeddable":true,"href":"https:\/\/yourspanishwindow.com\/blog\/wp-json\/wp\/v2\/media\/4015"}],"wp:attachment":[{"href":"https:\/\/yourspanishwindow.com\/blog\/wp-json\/wp\/v2\/media?parent=4002"}],"wp:term":[{"taxonomy":"category","embeddable":true,"href":"https:\/\/yourspanishwindow.com\/blog\/wp-json\/wp\/v2\/categories?post=4002"},{"taxonomy":"post_tag","embeddable":true,"href":"https:\/\/yourspanishwindow.com\/blog\/wp-json\/wp\/v2\/tags?post=4002"}],"curies":[{"name":"wp","href":"https:\/\/api.w.org\/{rel}","templated":true}]}}