{"id":349,"date":"2018-05-09T08:43:52","date_gmt":"2018-05-09T08:43:52","guid":{"rendered":"http:\/\/yourspanishwindow.com\/blog\/?p=349"},"modified":"2020-05-26T10:11:31","modified_gmt":"2020-05-26T10:11:31","slug":"sabes-cual-historia-rapto-europa-mitologia","status":"publish","type":"post","link":"https:\/\/yourspanishwindow.com\/blog\/sabes-cual-historia-rapto-europa-mitologia","title":{"rendered":"\u00bfSabes cu\u00e1l es la historia del rapto de Europa? &#8211; Mitolog\u00eda"},"content":{"rendered":"\n<div class=\"kk-star-ratings\n     kksr-valign-top     kksr-align-left    \"\n    data-payload=\"{&quot;align&quot;:&quot;left&quot;,&quot;id&quot;:&quot;349&quot;,&quot;slug&quot;:&quot;default&quot;,&quot;valign&quot;:&quot;top&quot;,&quot;reference&quot;:&quot;auto&quot;,&quot;count&quot;:&quot;7&quot;,&quot;readonly&quot;:&quot;&quot;,&quot;score&quot;:&quot;5&quot;,&quot;best&quot;:&quot;5&quot;,&quot;gap&quot;:&quot;0&quot;,&quot;greet&quot;:&quot;&quot;,&quot;legend&quot;:&quot;5\\\/5 - (7 votos)&quot;,&quot;size&quot;:&quot;0&quot;,&quot;width&quot;:&quot;0&quot;,&quot;_legend&quot;:&quot;{score}\\\/{best} - ({count} {votes})&quot;}\">\n    \n<div class=\"kksr-stars\">\n    \n<div class=\"kksr-stars-inactive\">\n            <div class=\"kksr-star\" data-star=\"1\" style=\"padding-right: 0px\">\n            \n\n<div class=\"kksr-icon\" style=\"width: 0px; height: 0px;\"><\/div>\n        <\/div>\n            <div class=\"kksr-star\" data-star=\"2\" style=\"padding-right: 0px\">\n            \n\n<div class=\"kksr-icon\" style=\"width: 0px; height: 0px;\"><\/div>\n        <\/div>\n            <div class=\"kksr-star\" data-star=\"3\" style=\"padding-right: 0px\">\n            \n\n<div class=\"kksr-icon\" style=\"width: 0px; height: 0px;\"><\/div>\n        <\/div>\n            <div class=\"kksr-star\" data-star=\"4\" style=\"padding-right: 0px\">\n            \n\n<div class=\"kksr-icon\" style=\"width: 0px; height: 0px;\"><\/div>\n        <\/div>\n            <div class=\"kksr-star\" data-star=\"5\" style=\"padding-right: 0px\">\n            \n\n<div class=\"kksr-icon\" style=\"width: 0px; height: 0px;\"><\/div>\n        <\/div>\n    <\/div>\n    \n<div class=\"kksr-stars-active\" style=\"width: 0px;\">\n            <div class=\"kksr-star\" style=\"padding-right: 0px\">\n            \n\n<div class=\"kksr-icon\" style=\"width: 0px; height: 0px;\"><\/div>\n        <\/div>\n            <div class=\"kksr-star\" style=\"padding-right: 0px\">\n            \n\n<div class=\"kksr-icon\" style=\"width: 0px; height: 0px;\"><\/div>\n        <\/div>\n            <div class=\"kksr-star\" style=\"padding-right: 0px\">\n            \n\n<div class=\"kksr-icon\" style=\"width: 0px; height: 0px;\"><\/div>\n        <\/div>\n            <div class=\"kksr-star\" style=\"padding-right: 0px\">\n            \n\n<div class=\"kksr-icon\" style=\"width: 0px; height: 0px;\"><\/div>\n        <\/div>\n            <div class=\"kksr-star\" style=\"padding-right: 0px\">\n            \n\n<div class=\"kksr-icon\" style=\"width: 0px; height: 0px;\"><\/div>\n        <\/div>\n    <\/div>\n<\/div>\n    \n<div class=\"kksr-legend\">\n            5\/5 - (7 votos)    <\/div>\n<\/div>\n<p>Hoy, en <a href=\"http:\/\/www.yourspanishwindow.com\" target=\"_blank\" rel=\"noopener noreferrer\">Your Spanish Window<\/a>, os voy a contar la <strong>historia de Europa<\/strong>. Adem\u00e1s, vais a poder practicar los <strong>pret\u00e9ritos indefinido, imperfecto y pluscuamperfecto de indicativo<\/strong>, el <a href=\"https:\/\/yourspanishwindow.com\/blog\/wann-verwendet-man-subjuntivo-spanischen\" target=\"_blank\" rel=\"noopener noreferrer\"><strong>subjuntivo<\/strong><\/a> y el <strong>futuro<\/strong> para hacer suposiciones. Recuerda que al final del texto ten\u00e9is una lista con vocabulario \ud83d\ude09 \u00a1Disfrutad de la lectura!<\/p>\n<h2>La historia de Europa &#8211; Mitolog\u00eda<\/h2>\n<p>\u00bfConoces la historia de Europa? Quiz\u00e1s la aprendiste en el colegio o instituto o quiz\u00e1s no. Yo tuve la suerte (o desgracia para algunos) de estudiar lat\u00edn y cultura cl\u00e1sica en el instituto y ah\u00ed conoc\u00ed muchas historias interesantes. Una de esas historias es la historia de Europa. \u00bfSab\u00e9is qui\u00e9n fue? <strong>Europa era una princesa fenicia<\/strong>, pero no era como las dem\u00e1s, era una princesa diferente. A esta princesa le gustaba quedar con sus amigas para dar largos paseos, ir al campo, al mar,\u2026 Eso de estar en palacio cumpliendo obligaciones de alguien de la realeza no era lo suyo.<\/p>\n<h2>J\u00fapiter o Zeus<\/h2>\n<p><strong>J\u00fapiter<\/strong>, o Zeus seg\u00fan la mitolog\u00eda griega, llevaba muchos d\u00edas observando a esta princesa despreocupada. J\u00fapiter era hijo de <a href=\"https:\/\/es.wikipedia.org\/wiki\/Saturno_(mitolog%C3%ADa)\" target=\"_blank\" rel=\"noopener noreferrer\">Saturno<\/a> (s\u00ed, aquel que devoraba a sus hijos para que no le destronaran) y Cibeles. Fue el \u00fanico hijo al que Cibeles pudo salvar de ser devorado por su padre, ya que cuando \u00e9ste se lo iba a comer, Cibeles le dio una piedra envuelta en pa\u00f1ales y consigui\u00f3 enga\u00f1arle. J\u00fapiter fue criado<a href=\"#_ftn1\" name=\"_ftnref1\">[1]<\/a> entonces por las ninfas en Creta. Este dios es una gran divinidad, es el <strong>se\u00f1or del rayo, de la lluvia y de las tempestades<\/strong> y, muchos a\u00f1os despu\u00e9s, consigui\u00f3 recuperar a todos sus hermanos haciendo que Saturno los vomitara. J\u00fapiter, seg\u00fan la mitolog\u00eda, es el que manda y <strong>administra justicia tanto en el Olimpo como en la tierra.<\/strong><\/p>\n<p>J\u00fapiter est\u00e1 casado con Juno, sin embargo esto no le impide <strong>tener amores apasionados con diosas y mortales<\/strong>. Muchas de estas veces ha de metamorfosearse para evitar los celos de Juno (con muy poca fortuna he de decir, puesto que Juno casi siempre acaba descubriendo estos amores).<\/p>\n<h2>La estratagema<a href=\"#_ftn2\" name=\"_ftnref2\"><strong>[2]<\/strong><\/a> de J\u00fapiter<\/h2>\n<p>Llegados a este punto diremos que esta vez <strong>J\u00fapiter se hab\u00eda encaprichado de la princesa Europa<\/strong>. \u00c9l hab\u00eda observado que a ella le gustaba mucho ver las reses que hab\u00eda en la propiedad de su padre y decidi\u00f3 urdir<a href=\"#_ftn3\" name=\"_ftnref3\">[3]<\/a> un plan para poder acercarse a ella sin que ella le temiese<a href=\"#_ftn4\" name=\"_ftnref4\">[4]<\/a>. Tras mucho cavilar<a href=\"#_ftn5\" name=\"_ftnref5\">[5]<\/a> <strong>decidi\u00f3 convertirse en un gran toro blanco<\/strong>. Pero, \u00bfc\u00f3mo acercarse a la princesa? J\u00fapiter pidi\u00f3 a su hijo Mercurio<a href=\"#_ftn6\" name=\"_ftnref6\">[6]<\/a> que le ayudase en esta nueva empresa. \u00c9ste ya ten\u00eda experiencia con animales, dado que, en otro romance<a href=\"#_ftn7\" name=\"_ftnref7\">[7]<\/a> de J\u00fapiter, tuvo que dormir al pastor Argos para que su padre pudiese conseguir su objetivo con la doncella \u00cdo. En el caso de Europa, Mercurio se convirti\u00f3 en pastor<a href=\"#_ftn8\" name=\"_ftnref8\">[8]<\/a> y fue, junto a J\u00fapiter metamorfoseado en toro, a las tierras de Europa.<\/p>\n<h2>Europa y el toro blanco<\/h2>\n<p>&nbsp;<\/p>\n<p><img class=\"aligncenter  wp-image-1197\" src=\"http:\/\/yourspanishwindow.com\/blog\/wp-content\/uploads\/2018\/05\/rapto-Europa-spanisch-lernen.jpg\" alt=\"rapto-Europa-spanisch-lernen\" width=\"812\" height=\"742\" srcset=\"https:\/\/yourspanishwindow.com\/blog\/wp-content\/uploads\/2018\/05\/rapto-Europa-spanisch-lernen.jpg 2584w, https:\/\/yourspanishwindow.com\/blog\/wp-content\/uploads\/2018\/05\/rapto-Europa-spanisch-lernen-300x274.jpg 300w, https:\/\/yourspanishwindow.com\/blog\/wp-content\/uploads\/2018\/05\/rapto-Europa-spanisch-lernen-768x702.jpg 768w, https:\/\/yourspanishwindow.com\/blog\/wp-content\/uploads\/2018\/05\/rapto-Europa-spanisch-lernen-1024x936.jpg 1024w, https:\/\/yourspanishwindow.com\/blog\/wp-content\/uploads\/2018\/05\/rapto-Europa-spanisch-lernen-750x686.jpg 750w\" sizes=\"(max-width: 812px) 100vw, 812px\" \/><br \/>\nEl rapto de Europa,&nbsp;<a class=\"extiw\" title=\"w:es:Tiziano\" href=\"https:\/\/en.wikipedia.org\/wiki\/es:Tiziano\" target=\"_blank\" rel=\"noopener noreferrer\">Tiziano<\/a> &#8211; <a class=\"external free\" href=\"http:\/\/www.gardnermuseum.org\/collection\/artwork\/3rd_floor\/titian_room\/europa?filter=artist:3150\" target=\"_blank\" rel=\"nofollow noopener noreferrer\">http:\/\/www.gardnermuseum.org\/collection\/artwork\/3rd_floor\/titian_room\/europa?filter=artist:3150<\/a>, Dominio p\u00fablico, <a href=\"https:\/\/commons.wikimedia.org\/w\/index.php?curid=159563\">Enlace<\/a><\/p>\n<p>Europa se qued\u00f3 impresionada al ver la grandeza del toro blanco. A pesar de ser un toro, parec\u00eda un animal manso y, animada, se acerc\u00f3 a verlo junto a sus amigas. Como vio que el pastor no le dec\u00eda nada, le acarici\u00f3 y \u00e9l le lami\u00f3 las manos. Europa se sorprendi\u00f3 por sus reacciones, \u00a1parec\u00eda que el toro entend\u00eda todo lo que ella dec\u00eda!<\/p>\n<p>Al d\u00eda siguiente volvi\u00f3, pero esta vez sin sus amigas. J\u00fapiter se puso loco de alegr\u00eda y empez\u00f3 a dar saltos, algo muy inusual en un toro. Con paciencia consigui\u00f3 que Europa se subiese a su lomo<a href=\"#_ftn9\" name=\"_ftnref9\">[9]<\/a> y J\u00fapiter aprovech\u00f3 la ocasi\u00f3n para galopar a toda velocidad hasta el mar y adentrarse en \u00e9l. Europa no se pod\u00eda creer lo que estaba sucediendo. J\u00fapiter sigui\u00f3 hasta llegar a las <strong>playas de Creta<\/strong> y fue all\u00ed donde se deshizo de su forma de toro y donde cogi\u00f3 a Europa en brazos para llevarla a una zona m\u00e1s resguardada. Fue tambi\u00e9n all\u00ed donde Europa se entreg\u00f3 a los brazos de J\u00fapiter.<br \/>\n<img class=\"aligncenter  wp-image-1195\" src=\"http:\/\/yourspanishwindow.com\/blog\/wp-content\/uploads\/2018\/05\/Creta-sabes-cual-historia-rapto-europa-mitologia.jpg\" alt=\"Creta-sabes-cual-historia-rapto-europa-mitologia\" width=\"778\" height=\"584\" srcset=\"https:\/\/yourspanishwindow.com\/blog\/wp-content\/uploads\/2018\/05\/Creta-sabes-cual-historia-rapto-europa-mitologia.jpg 1280w, https:\/\/yourspanishwindow.com\/blog\/wp-content\/uploads\/2018\/05\/Creta-sabes-cual-historia-rapto-europa-mitologia-300x225.jpg 300w, https:\/\/yourspanishwindow.com\/blog\/wp-content\/uploads\/2018\/05\/Creta-sabes-cual-historia-rapto-europa-mitologia-768x576.jpg 768w, https:\/\/yourspanishwindow.com\/blog\/wp-content\/uploads\/2018\/05\/Creta-sabes-cual-historia-rapto-europa-mitologia-1024x768.jpg 1024w, https:\/\/yourspanishwindow.com\/blog\/wp-content\/uploads\/2018\/05\/Creta-sabes-cual-historia-rapto-europa-mitologia-750x563.jpg 750w\" sizes=\"(max-width: 778px) 100vw, 778px\" \/><\/p>\n<h2>Un nuevo continente<\/h2>\n<p><strong>El rey Agenor<\/strong>, padre de Europa, estaba muy triste porque su querida hija hab\u00eda desaparecido y <strong>mand\u00f3 a sus otros hijos en su b\u00fasqueda<\/strong>. Estos deb\u00edan traer a Europa o no regresar nunca. Cadmo, F\u00e9nix y C\u00edlix buscaron a su hermana sin dar, desgraciadamente, con ella. Dado que no consiguieron encontrar a Europa, no volvieron m\u00e1s a su patria y <strong>fundaron nuevas ciudades<\/strong>: Cadmo, Tebas; F\u00e9nix, Fenicia y C\u00edlix, Cilicia (la actual Armenia). <strong>Se puede decir que, tras la desaparici\u00f3n de Europa, se form\u00f3 un nuevo continente.<\/strong><\/p>\n<h2>\u00bfConoc\u00edas la historia de Europa o del rapto de Europa?&nbsp;\u00bfTe gustar\u00eda leer m\u00e1s historias de este tipo en espa\u00f1ol?&nbsp;<\/h2>\n<p>&nbsp;<\/p>\n<h2>Vocabulario &#8211; Versiones inglesa y alemana<\/h2>\n<p>&nbsp;<\/p>\n<p>A continuaci\u00f3n tienes los&nbsp;<strong>significados de algunas palabras en espa\u00f1ol, ingl\u00e9s y alem\u00e1n<\/strong>. Disfruta de la lectura y ve a la p\u00e1gina de&nbsp;<a href=\"http:\/\/www.yourspanishwindow.com\/\">Your Spanish Window<\/a>&nbsp;si quieres mejorar tu&nbsp;<strong>espa\u00f1ol<\/strong>&nbsp;y reservar&nbsp;<strong>clases de espa\u00f1ol online<\/strong>. Recuerda que la primera clase es gratis&nbsp;?<\/p>\n<p><a href=\"#_ftnref1\" name=\"_ftn1\">[1]<\/a> <strong>Criar.<\/strong> EN: to bring up, to raise. DE: gro\u00dfziehen.<\/p>\n<p><a href=\"#_ftnref2\" name=\"_ftn2\">[2]<\/a> <strong>Estratagema.<\/strong> EN: the stratagem. DE: die List.<\/p>\n<p><a href=\"#_ftnref3\" name=\"_ftn3\">[3]<\/a> <strong>Urdir un plan.<\/strong> EN: to devise a plan. DE: einen Plan aushecken<\/p>\n<p><a href=\"#_ftnref4\" name=\"_ftn4\">[4]<\/a> <strong>Temer.<\/strong> EN: to be afraid. DE: f\u00fcrchten.<\/p>\n<p><a href=\"#_ftnref5\" name=\"_ftn5\">[5]<\/a> <strong>Cavilar.<\/strong> EN: to think deeply. DE: gr\u00fcbeln.<\/p>\n<p><a href=\"#_ftnref6\" name=\"_ftn6\">[6]<\/a> Mercurio es uno de los doce dioses del Olimpo, es el dios mensajero. Seguro que, si no hab\u00e9is le\u00eddo nada sobre \u00e9l, a muchos os sonar\u00e1 este personaje por la pel\u00edcula \u201cH\u00e9rcules\u201d, de Disney.<\/p>\n<p><a href=\"#_ftnref7\" name=\"_ftn7\">[7]<\/a> <strong>El romance.<\/strong> EN: the romance. DE: die Romanze.<\/p>\n<p><a href=\"#_ftnref8\" name=\"_ftn8\">[8]<\/a> <strong>El pastor.<\/strong> EN: the herdsman. DE: der Hirt.<\/p>\n<p><a href=\"#_ftnref9\" name=\"_ftn9\">[9]<\/a> <strong>El lomo.<\/strong> EN: the back of an animal. DE: der R\u00fccken.<\/p>\n<h3>M\u00e1s art\u00edculos sobre mitolog\u00eda y costumbres espa\u00f1olas:<\/h3>\n<li><a href=\"https:\/\/yourspanishwindow.com\/blog\/eres-supersticioso-supersticiones-espanolas-curiosas\" rel=\"noopener noreferrer\" target=\"_blank\">Supersticiones espa\u00f1olas curiosas.<\/a><\/li>\n<li><a href=\"https:\/\/yourspanishwindow.com\/blog\/sabes-cual-origen-palabra-maraton\" rel=\"noopener noreferrer\" target=\"_blank\">\u00bfSabes cu\u00e1l es el origen de la palabra marat\u00f3n?<\/a><\/li>\n<li><a href=\"https:\/\/yourspanishwindow.com\/blog\/coloma-buby-historia-ratoncito-perez\" rel=\"noopener noreferrer\" target=\"_blank\">\u00bfSabes qui\u00e9n es el Ratoncito P\u00e9rez?<\/a><\/li>\n","protected":false},"excerpt":{"rendered":"<p>5\/5 &#8211; (7 votos) Hoy, en Your Spanish Window, os voy a contar la historia de Europa. Adem\u00e1s, vais a poder practicar los pret\u00e9ritos indefinido, imperfecto y pluscuamperfecto de indicativo,&hellip;<a href=\"https:\/\/yourspanishwindow.com\/blog\/sabes-cual-historia-rapto-europa-mitologia\" class=\"more-link\">Contin\u00faa leyendo <span class=\"screen-reader-text\">\u00bfSabes cu\u00e1l es la historia del rapto de Europa? &#8211; Mitolog\u00eda<\/span><\/a><\/p>\n","protected":false},"author":2,"featured_media":1204,"comment_status":"open","ping_status":"open","sticky":false,"template":"","format":"standard","meta":{"spay_email":""},"categories":[2,12],"tags":[32,26,35,30,42],"yoast_head":"<!-- This site is optimized with the Yoast SEO plugin v18.1 - https:\/\/yoast.com\/wordpress\/plugins\/seo\/ -->\n<title>\u00bfSabes cu\u00e1l es la historia del rapto de Europa? - Mitolog\u00eda<\/title>\n<meta name=\"description\" content=\"Hoy, en Your Spanish Window, os voy a contar la historia de Europa. Adem\u00e1s, vais a practicar los pret\u00e9ritos indefinido, imperfecto y pluscuamperfecto de indicativo, el subjuntivo y el futuro para hacer suposiciones. La historia de Europa. Mitolog\u00eda. J\u00fapiter o Zeus. La estratagema de J\u00fapiter. El rapto. Vocabulario.\" \/>\n<meta name=\"robots\" content=\"index, follow, max-snippet:-1, max-image-preview:large, max-video-preview:-1\" \/>\n<link rel=\"canonical\" href=\"https:\/\/yourspanishwindow.com\/blog\/sabes-cual-historia-rapto-europa-mitologia\" \/>\n<meta property=\"og:locale\" content=\"es_ES\" \/>\n<meta property=\"og:type\" content=\"article\" \/>\n<meta property=\"og:title\" content=\"\u00bfSabes cu\u00e1l es la historia del rapto de Europa? - Mitolog\u00eda\" \/>\n<meta property=\"og:description\" content=\"Hoy, en Your Spanish Window, os voy a contar la historia de Europa. Adem\u00e1s, vais a practicar los pret\u00e9ritos indefinido, imperfecto y pluscuamperfecto de indicativo, el subjuntivo y el futuro para hacer suposiciones. La historia de Europa. Mitolog\u00eda. J\u00fapiter o Zeus. La estratagema de J\u00fapiter. El rapto. Vocabulario.\" \/>\n<meta property=\"og:url\" content=\"https:\/\/yourspanishwindow.com\/blog\/sabes-cual-historia-rapto-europa-mitologia\" \/>\n<meta property=\"og:site_name\" content=\"BLOG Your Spanish Window\" \/>\n<meta property=\"article:publisher\" content=\"https:\/\/www.facebook.com\/yourspanishwindow\/\" \/>\n<meta property=\"article:published_time\" content=\"2018-05-09T08:43:52+00:00\" \/>\n<meta property=\"article:modified_time\" content=\"2020-05-26T10:11:31+00:00\" \/>\n<meta property=\"og:image\" content=\"https:\/\/yourspanishwindow.com\/blog\/wp-content\/uploads\/2018\/05\/sabes-cual-historia-rapto-europa-mitologia.jpg\" \/>\n\t<meta property=\"og:image:width\" content=\"940\" \/>\n\t<meta property=\"og:image:height\" content=\"788\" \/>\n\t<meta property=\"og:image:type\" content=\"image\/jpeg\" \/>\n<meta name=\"twitter:card\" content=\"summary_large_image\" \/>\n<meta name=\"twitter:label1\" content=\"Escrito por\" \/>\n\t<meta name=\"twitter:data1\" content=\"Mar\u00eda Mart\u00edn Sierra\" \/>\n\t<meta name=\"twitter:label2\" content=\"Tiempo de lectura\" \/>\n\t<meta name=\"twitter:data2\" content=\"5 minutos\" \/>\n<script type=\"application\/ld+json\" class=\"yoast-schema-graph\">{\"@context\":\"https:\/\/schema.org\",\"@graph\":[{\"@type\":\"Organization\",\"@id\":\"https:\/\/yourspanishwindow.com\/blog\/#organization\",\"name\":\"Your Spanish Window\",\"url\":\"https:\/\/yourspanishwindow.com\/blog\/\",\"sameAs\":[\"https:\/\/www.facebook.com\/yourspanishwindow\/\",\"https:\/\/www.youtube.com\/channel\/UCVw_pbvKeGQIfqSDENu3XlQ\"],\"logo\":{\"@type\":\"ImageObject\",\"@id\":\"https:\/\/yourspanishwindow.com\/blog\/#logo\",\"inLanguage\":\"es\",\"url\":\"https:\/\/yourspanishwindow.com\/blog\/wp-content\/uploads\/2017\/12\/logo-blue.png\",\"contentUrl\":\"https:\/\/yourspanishwindow.com\/blog\/wp-content\/uploads\/2017\/12\/logo-blue.png\",\"width\":606,\"height\":228,\"caption\":\"Your Spanish Window\"},\"image\":{\"@id\":\"https:\/\/yourspanishwindow.com\/blog\/#logo\"}},{\"@type\":\"WebSite\",\"@id\":\"https:\/\/yourspanishwindow.com\/blog\/#website\",\"url\":\"https:\/\/yourspanishwindow.com\/blog\/\",\"name\":\"BLOG Your Spanish Window\",\"description\":\"\",\"publisher\":{\"@id\":\"https:\/\/yourspanishwindow.com\/blog\/#organization\"},\"potentialAction\":[{\"@type\":\"SearchAction\",\"target\":{\"@type\":\"EntryPoint\",\"urlTemplate\":\"https:\/\/yourspanishwindow.com\/blog\/?s={search_term_string}\"},\"query-input\":\"required name=search_term_string\"}],\"inLanguage\":\"es\"},{\"@type\":\"ImageObject\",\"@id\":\"https:\/\/yourspanishwindow.com\/blog\/sabes-cual-historia-rapto-europa-mitologia#primaryimage\",\"inLanguage\":\"es\",\"url\":\"https:\/\/yourspanishwindow.com\/blog\/wp-content\/uploads\/2018\/05\/sabes-cual-historia-rapto-europa-mitologia.jpg\",\"contentUrl\":\"https:\/\/yourspanishwindow.com\/blog\/wp-content\/uploads\/2018\/05\/sabes-cual-historia-rapto-europa-mitologia.jpg\",\"width\":940,\"height\":788,\"caption\":\"sabes-cual-historia-rapto-europa-mitologia\"},{\"@type\":\"WebPage\",\"@id\":\"https:\/\/yourspanishwindow.com\/blog\/sabes-cual-historia-rapto-europa-mitologia#webpage\",\"url\":\"https:\/\/yourspanishwindow.com\/blog\/sabes-cual-historia-rapto-europa-mitologia\",\"name\":\"\u00bfSabes cu\u00e1l es la historia del rapto de Europa? - Mitolog\u00eda\",\"isPartOf\":{\"@id\":\"https:\/\/yourspanishwindow.com\/blog\/#website\"},\"primaryImageOfPage\":{\"@id\":\"https:\/\/yourspanishwindow.com\/blog\/sabes-cual-historia-rapto-europa-mitologia#primaryimage\"},\"datePublished\":\"2018-05-09T08:43:52+00:00\",\"dateModified\":\"2020-05-26T10:11:31+00:00\",\"description\":\"Hoy, en Your Spanish Window, os voy a contar la historia de Europa. Adem\u00e1s, vais a practicar los pret\u00e9ritos indefinido, imperfecto y pluscuamperfecto de indicativo, el subjuntivo y el futuro para hacer suposiciones. La historia de Europa. Mitolog\u00eda. J\u00fapiter o Zeus. La estratagema de J\u00fapiter. El rapto. Vocabulario.\",\"breadcrumb\":{\"@id\":\"https:\/\/yourspanishwindow.com\/blog\/sabes-cual-historia-rapto-europa-mitologia#breadcrumb\"},\"inLanguage\":\"es\",\"potentialAction\":[{\"@type\":\"ReadAction\",\"target\":[\"https:\/\/yourspanishwindow.com\/blog\/sabes-cual-historia-rapto-europa-mitologia\"]}]},{\"@type\":\"BreadcrumbList\",\"@id\":\"https:\/\/yourspanishwindow.com\/blog\/sabes-cual-historia-rapto-europa-mitologia#breadcrumb\",\"itemListElement\":[{\"@type\":\"ListItem\",\"position\":1,\"name\":\"Portada\",\"item\":\"https:\/\/yourspanishwindow.com\/blog\"},{\"@type\":\"ListItem\",\"position\":2,\"name\":\"\u00bfSabes cu\u00e1l es la historia del rapto de Europa? &#8211; Mitolog\u00eda\"}]},{\"@type\":\"Article\",\"@id\":\"https:\/\/yourspanishwindow.com\/blog\/sabes-cual-historia-rapto-europa-mitologia#article\",\"isPartOf\":{\"@id\":\"https:\/\/yourspanishwindow.com\/blog\/sabes-cual-historia-rapto-europa-mitologia#webpage\"},\"author\":{\"@id\":\"https:\/\/yourspanishwindow.com\/blog\/#\/schema\/person\/9ea85f2d12b378d569af604ec2857e30\"},\"headline\":\"\u00bfSabes cu\u00e1l es la historia del rapto de Europa? &#8211; Mitolog\u00eda\",\"datePublished\":\"2018-05-09T08:43:52+00:00\",\"dateModified\":\"2020-05-26T10:11:31+00:00\",\"mainEntityOfPage\":{\"@id\":\"https:\/\/yourspanishwindow.com\/blog\/sabes-cual-historia-rapto-europa-mitologia#webpage\"},\"wordCount\":1077,\"commentCount\":0,\"publisher\":{\"@id\":\"https:\/\/yourspanishwindow.com\/blog\/#organization\"},\"image\":{\"@id\":\"https:\/\/yourspanishwindow.com\/blog\/sabes-cual-historia-rapto-europa-mitologia#primaryimage\"},\"thumbnailUrl\":\"https:\/\/yourspanishwindow.com\/blog\/wp-content\/uploads\/2018\/05\/sabes-cual-historia-rapto-europa-mitologia.jpg\",\"keywords\":[\"historia\",\"nivel intermedio\",\"pret\u00e9rito imperfecto\",\"pret\u00e9rito indefinido\",\"subjuntivo\"],\"articleSection\":[\"Nivel avanzado\",\"Nivel intermedio\"],\"inLanguage\":\"es\",\"potentialAction\":[{\"@type\":\"CommentAction\",\"name\":\"Comment\",\"target\":[\"https:\/\/yourspanishwindow.com\/blog\/sabes-cual-historia-rapto-europa-mitologia#respond\"]}]},{\"@type\":\"Person\",\"@id\":\"https:\/\/yourspanishwindow.com\/blog\/#\/schema\/person\/9ea85f2d12b378d569af604ec2857e30\",\"name\":\"Mar\u00eda Mart\u00edn Sierra\",\"image\":{\"@type\":\"ImageObject\",\"@id\":\"https:\/\/yourspanishwindow.com\/blog\/#personlogo\",\"inLanguage\":\"es\",\"url\":\"https:\/\/secure.gravatar.com\/avatar\/a80c8dbc48b87d9c47488219c4c4fea0?s=96&d=mm&r=g\",\"contentUrl\":\"https:\/\/secure.gravatar.com\/avatar\/a80c8dbc48b87d9c47488219c4c4fea0?s=96&d=mm&r=g\",\"caption\":\"Mar\u00eda Mart\u00edn Sierra\"}}]}<\/script>\n<!-- \/ Yoast SEO plugin. -->","yoast_head_json":{"title":"\u00bfSabes cu\u00e1l es la historia del rapto de Europa? - Mitolog\u00eda","description":"Hoy, en Your Spanish Window, os voy a contar la historia de Europa. Adem\u00e1s, vais a practicar los pret\u00e9ritos indefinido, imperfecto y pluscuamperfecto de indicativo, el subjuntivo y el futuro para hacer suposiciones. La historia de Europa. Mitolog\u00eda. J\u00fapiter o Zeus. La estratagema de J\u00fapiter. El rapto. Vocabulario.","robots":{"index":"index","follow":"follow","max-snippet":"max-snippet:-1","max-image-preview":"max-image-preview:large","max-video-preview":"max-video-preview:-1"},"canonical":"https:\/\/yourspanishwindow.com\/blog\/sabes-cual-historia-rapto-europa-mitologia","og_locale":"es_ES","og_type":"article","og_title":"\u00bfSabes cu\u00e1l es la historia del rapto de Europa? - Mitolog\u00eda","og_description":"Hoy, en Your Spanish Window, os voy a contar la historia de Europa. Adem\u00e1s, vais a practicar los pret\u00e9ritos indefinido, imperfecto y pluscuamperfecto de indicativo, el subjuntivo y el futuro para hacer suposiciones. La historia de Europa. Mitolog\u00eda. J\u00fapiter o Zeus. La estratagema de J\u00fapiter. El rapto. Vocabulario.","og_url":"https:\/\/yourspanishwindow.com\/blog\/sabes-cual-historia-rapto-europa-mitologia","og_site_name":"BLOG Your Spanish Window","article_publisher":"https:\/\/www.facebook.com\/yourspanishwindow\/","article_published_time":"2018-05-09T08:43:52+00:00","article_modified_time":"2020-05-26T10:11:31+00:00","og_image":[{"width":940,"height":788,"url":"https:\/\/yourspanishwindow.com\/blog\/wp-content\/uploads\/2018\/05\/sabes-cual-historia-rapto-europa-mitologia.jpg","type":"image\/jpeg"}],"twitter_card":"summary_large_image","twitter_misc":{"Escrito por":"Mar\u00eda Mart\u00edn Sierra","Tiempo de lectura":"5 minutos"},"schema":{"@context":"https:\/\/schema.org","@graph":[{"@type":"Organization","@id":"https:\/\/yourspanishwindow.com\/blog\/#organization","name":"Your Spanish Window","url":"https:\/\/yourspanishwindow.com\/blog\/","sameAs":["https:\/\/www.facebook.com\/yourspanishwindow\/","https:\/\/www.youtube.com\/channel\/UCVw_pbvKeGQIfqSDENu3XlQ"],"logo":{"@type":"ImageObject","@id":"https:\/\/yourspanishwindow.com\/blog\/#logo","inLanguage":"es","url":"https:\/\/yourspanishwindow.com\/blog\/wp-content\/uploads\/2017\/12\/logo-blue.png","contentUrl":"https:\/\/yourspanishwindow.com\/blog\/wp-content\/uploads\/2017\/12\/logo-blue.png","width":606,"height":228,"caption":"Your Spanish Window"},"image":{"@id":"https:\/\/yourspanishwindow.com\/blog\/#logo"}},{"@type":"WebSite","@id":"https:\/\/yourspanishwindow.com\/blog\/#website","url":"https:\/\/yourspanishwindow.com\/blog\/","name":"BLOG Your Spanish Window","description":"","publisher":{"@id":"https:\/\/yourspanishwindow.com\/blog\/#organization"},"potentialAction":[{"@type":"SearchAction","target":{"@type":"EntryPoint","urlTemplate":"https:\/\/yourspanishwindow.com\/blog\/?s={search_term_string}"},"query-input":"required name=search_term_string"}],"inLanguage":"es"},{"@type":"ImageObject","@id":"https:\/\/yourspanishwindow.com\/blog\/sabes-cual-historia-rapto-europa-mitologia#primaryimage","inLanguage":"es","url":"https:\/\/yourspanishwindow.com\/blog\/wp-content\/uploads\/2018\/05\/sabes-cual-historia-rapto-europa-mitologia.jpg","contentUrl":"https:\/\/yourspanishwindow.com\/blog\/wp-content\/uploads\/2018\/05\/sabes-cual-historia-rapto-europa-mitologia.jpg","width":940,"height":788,"caption":"sabes-cual-historia-rapto-europa-mitologia"},{"@type":"WebPage","@id":"https:\/\/yourspanishwindow.com\/blog\/sabes-cual-historia-rapto-europa-mitologia#webpage","url":"https:\/\/yourspanishwindow.com\/blog\/sabes-cual-historia-rapto-europa-mitologia","name":"\u00bfSabes cu\u00e1l es la historia del rapto de Europa? - Mitolog\u00eda","isPartOf":{"@id":"https:\/\/yourspanishwindow.com\/blog\/#website"},"primaryImageOfPage":{"@id":"https:\/\/yourspanishwindow.com\/blog\/sabes-cual-historia-rapto-europa-mitologia#primaryimage"},"datePublished":"2018-05-09T08:43:52+00:00","dateModified":"2020-05-26T10:11:31+00:00","description":"Hoy, en Your Spanish Window, os voy a contar la historia de Europa. Adem\u00e1s, vais a practicar los pret\u00e9ritos indefinido, imperfecto y pluscuamperfecto de indicativo, el subjuntivo y el futuro para hacer suposiciones. La historia de Europa. Mitolog\u00eda. J\u00fapiter o Zeus. La estratagema de J\u00fapiter. El rapto. Vocabulario.","breadcrumb":{"@id":"https:\/\/yourspanishwindow.com\/blog\/sabes-cual-historia-rapto-europa-mitologia#breadcrumb"},"inLanguage":"es","potentialAction":[{"@type":"ReadAction","target":["https:\/\/yourspanishwindow.com\/blog\/sabes-cual-historia-rapto-europa-mitologia"]}]},{"@type":"BreadcrumbList","@id":"https:\/\/yourspanishwindow.com\/blog\/sabes-cual-historia-rapto-europa-mitologia#breadcrumb","itemListElement":[{"@type":"ListItem","position":1,"name":"Portada","item":"https:\/\/yourspanishwindow.com\/blog"},{"@type":"ListItem","position":2,"name":"\u00bfSabes cu\u00e1l es la historia del rapto de Europa? &#8211; Mitolog\u00eda"}]},{"@type":"Article","@id":"https:\/\/yourspanishwindow.com\/blog\/sabes-cual-historia-rapto-europa-mitologia#article","isPartOf":{"@id":"https:\/\/yourspanishwindow.com\/blog\/sabes-cual-historia-rapto-europa-mitologia#webpage"},"author":{"@id":"https:\/\/yourspanishwindow.com\/blog\/#\/schema\/person\/9ea85f2d12b378d569af604ec2857e30"},"headline":"\u00bfSabes cu\u00e1l es la historia del rapto de Europa? &#8211; Mitolog\u00eda","datePublished":"2018-05-09T08:43:52+00:00","dateModified":"2020-05-26T10:11:31+00:00","mainEntityOfPage":{"@id":"https:\/\/yourspanishwindow.com\/blog\/sabes-cual-historia-rapto-europa-mitologia#webpage"},"wordCount":1077,"commentCount":0,"publisher":{"@id":"https:\/\/yourspanishwindow.com\/blog\/#organization"},"image":{"@id":"https:\/\/yourspanishwindow.com\/blog\/sabes-cual-historia-rapto-europa-mitologia#primaryimage"},"thumbnailUrl":"https:\/\/yourspanishwindow.com\/blog\/wp-content\/uploads\/2018\/05\/sabes-cual-historia-rapto-europa-mitologia.jpg","keywords":["historia","nivel intermedio","pret\u00e9rito imperfecto","pret\u00e9rito indefinido","subjuntivo"],"articleSection":["Nivel avanzado","Nivel intermedio"],"inLanguage":"es","potentialAction":[{"@type":"CommentAction","name":"Comment","target":["https:\/\/yourspanishwindow.com\/blog\/sabes-cual-historia-rapto-europa-mitologia#respond"]}]},{"@type":"Person","@id":"https:\/\/yourspanishwindow.com\/blog\/#\/schema\/person\/9ea85f2d12b378d569af604ec2857e30","name":"Mar\u00eda Mart\u00edn Sierra","image":{"@type":"ImageObject","@id":"https:\/\/yourspanishwindow.com\/blog\/#personlogo","inLanguage":"es","url":"https:\/\/secure.gravatar.com\/avatar\/a80c8dbc48b87d9c47488219c4c4fea0?s=96&d=mm&r=g","contentUrl":"https:\/\/secure.gravatar.com\/avatar\/a80c8dbc48b87d9c47488219c4c4fea0?s=96&d=mm&r=g","caption":"Mar\u00eda Mart\u00edn Sierra"}}]}},"jetpack_featured_media_url":"https:\/\/yourspanishwindow.com\/blog\/wp-content\/uploads\/2018\/05\/sabes-cual-historia-rapto-europa-mitologia.jpg","_links":{"self":[{"href":"https:\/\/yourspanishwindow.com\/blog\/wp-json\/wp\/v2\/posts\/349"}],"collection":[{"href":"https:\/\/yourspanishwindow.com\/blog\/wp-json\/wp\/v2\/posts"}],"about":[{"href":"https:\/\/yourspanishwindow.com\/blog\/wp-json\/wp\/v2\/types\/post"}],"author":[{"embeddable":true,"href":"https:\/\/yourspanishwindow.com\/blog\/wp-json\/wp\/v2\/users\/2"}],"replies":[{"embeddable":true,"href":"https:\/\/yourspanishwindow.com\/blog\/wp-json\/wp\/v2\/comments?post=349"}],"version-history":[{"count":12,"href":"https:\/\/yourspanishwindow.com\/blog\/wp-json\/wp\/v2\/posts\/349\/revisions"}],"predecessor-version":[{"id":2604,"href":"https:\/\/yourspanishwindow.com\/blog\/wp-json\/wp\/v2\/posts\/349\/revisions\/2604"}],"wp:featuredmedia":[{"embeddable":true,"href":"https:\/\/yourspanishwindow.com\/blog\/wp-json\/wp\/v2\/media\/1204"}],"wp:attachment":[{"href":"https:\/\/yourspanishwindow.com\/blog\/wp-json\/wp\/v2\/media?parent=349"}],"wp:term":[{"taxonomy":"category","embeddable":true,"href":"https:\/\/yourspanishwindow.com\/blog\/wp-json\/wp\/v2\/categories?post=349"},{"taxonomy":"post_tag","embeddable":true,"href":"https:\/\/yourspanishwindow.com\/blog\/wp-json\/wp\/v2\/tags?post=349"}],"curies":[{"name":"wp","href":"https:\/\/api.w.org\/{rel}","templated":true}]}}