{"id":1876,"date":"2019-01-06T11:47:14","date_gmt":"2019-01-06T11:47:14","guid":{"rendered":"http:\/\/yourspanishwindow.com\/blog\/?p=1876"},"modified":"2021-01-05T12:04:44","modified_gmt":"2021-01-05T12:04:44","slug":"como-se-celebra-dia-reyes-magos-espana","status":"publish","type":"post","link":"https:\/\/yourspanishwindow.com\/blog\/como-se-celebra-dia-reyes-magos-espana","title":{"rendered":"\u00bfC\u00f3mo se celebra el d\u00eda de los Reyes Magos?"},"content":{"rendered":"\n<div class=\"kk-star-ratings\n     kksr-valign-top     kksr-align-left    \"\n    data-payload=\"{&quot;align&quot;:&quot;left&quot;,&quot;id&quot;:&quot;1876&quot;,&quot;slug&quot;:&quot;default&quot;,&quot;valign&quot;:&quot;top&quot;,&quot;reference&quot;:&quot;auto&quot;,&quot;count&quot;:&quot;10&quot;,&quot;readonly&quot;:&quot;&quot;,&quot;score&quot;:&quot;5&quot;,&quot;best&quot;:&quot;5&quot;,&quot;gap&quot;:&quot;0&quot;,&quot;greet&quot;:&quot;&quot;,&quot;legend&quot;:&quot;5\\\/5 - (10 votos)&quot;,&quot;size&quot;:&quot;0&quot;,&quot;width&quot;:&quot;0&quot;,&quot;_legend&quot;:&quot;{score}\\\/{best} - ({count} {votes})&quot;}\">\n    \n<div class=\"kksr-stars\">\n    \n<div class=\"kksr-stars-inactive\">\n            <div class=\"kksr-star\" data-star=\"1\" style=\"padding-right: 0px\">\n            \n\n<div class=\"kksr-icon\" style=\"width: 0px; height: 0px;\"><\/div>\n        <\/div>\n            <div class=\"kksr-star\" data-star=\"2\" style=\"padding-right: 0px\">\n            \n\n<div class=\"kksr-icon\" style=\"width: 0px; height: 0px;\"><\/div>\n        <\/div>\n            <div class=\"kksr-star\" data-star=\"3\" style=\"padding-right: 0px\">\n            \n\n<div class=\"kksr-icon\" style=\"width: 0px; height: 0px;\"><\/div>\n        <\/div>\n            <div class=\"kksr-star\" data-star=\"4\" style=\"padding-right: 0px\">\n            \n\n<div class=\"kksr-icon\" style=\"width: 0px; height: 0px;\"><\/div>\n        <\/div>\n            <div class=\"kksr-star\" data-star=\"5\" style=\"padding-right: 0px\">\n            \n\n<div class=\"kksr-icon\" style=\"width: 0px; height: 0px;\"><\/div>\n        <\/div>\n    <\/div>\n    \n<div class=\"kksr-stars-active\" style=\"width: 0px;\">\n            <div class=\"kksr-star\" style=\"padding-right: 0px\">\n            \n\n<div class=\"kksr-icon\" style=\"width: 0px; height: 0px;\"><\/div>\n        <\/div>\n            <div class=\"kksr-star\" style=\"padding-right: 0px\">\n            \n\n<div class=\"kksr-icon\" style=\"width: 0px; height: 0px;\"><\/div>\n        <\/div>\n            <div class=\"kksr-star\" style=\"padding-right: 0px\">\n            \n\n<div class=\"kksr-icon\" style=\"width: 0px; height: 0px;\"><\/div>\n        <\/div>\n            <div class=\"kksr-star\" style=\"padding-right: 0px\">\n            \n\n<div class=\"kksr-icon\" style=\"width: 0px; height: 0px;\"><\/div>\n        <\/div>\n            <div class=\"kksr-star\" style=\"padding-right: 0px\">\n            \n\n<div class=\"kksr-icon\" style=\"width: 0px; height: 0px;\"><\/div>\n        <\/div>\n    <\/div>\n<\/div>\n    \n<div class=\"kksr-legend\">\n            5\/5 - (10 votos)    <\/div>\n<\/div>\n<p>\u00a1Desde <a href=\"http:\/\/www.yourspanishwindow.com\" rel=\"noopener noreferrer\" target=\"_blank\">Your Spanish Window<\/a> te deseo un feliz a\u00f1o nuevo! \ud83d\ude42<\/p>\n<p>&nbsp;<\/p>\n<p>\u00bfSabes <strong>c\u00f3mo se celebra el d\u00eda de los Reyes Magos en Espa\u00f1a<\/strong>? \u00bfNo sabes qui\u00e9nes son los Reyes Magos? Por ahora solamente te voy a decir que con la celebraci\u00f3n de este d\u00eda ponemos fin a una \u00e9poca especial del a\u00f1o: <strong>las Navidades<\/strong>. Si quieres saber m\u00e1s, lee el art\u00edculo y <strong>aprende vocabulario nuevo<\/strong> en cada secci\u00f3n (tienes las palabras en <strong>alem\u00e1n<\/strong> e <strong>ingl\u00e9s<\/strong>) \ud83d\ude09 .<br \/>\nAdem\u00e1s, al final te tengo preparada una peque\u00f1a sorpresita porque, en este art\u00edculo, no solamente vas a conocer c\u00f3mo se celebra este d\u00eda, sino que tambi\u00e9n vas a practicar <strong>las preposiciones de lugar<\/strong>.<\/p>\n<p>\u00a1Disfruta de la lectura y del v\u00eddeo!<br \/>\n&nbsp;<br \/>\n<iframe width=\"560\" height=\"315\" src=\"https:\/\/www.youtube.com\/embed\/twEa61WzW_U\" frameborder=\"0\" allow=\"accelerometer; autoplay; clipboard-write; encrypted-media; gyroscope; picture-in-picture\" allowfullscreen=\"\"><\/iframe><\/p>\n<p>&nbsp;<\/p>\n<h2>\u00bfQui\u00e9nes son los Reyes Magos?<\/h2>\n<p>&nbsp;<\/p>\n<p>Los Reyes Magos se llaman Melchor, Gaspar y Baltasar y fueron los que, guiados por una estrella, llegaron a Bel\u00e9n a dar sus regalos al Ni\u00f1o Jes\u00fas: oro, incienso y mirra. Regalos un poco extra\u00f1os para un reci\u00e9n nacido, \u00bfverdad? Pero no te preocupes que ahora te explico el significado simb\u00f3lico de estos tres objetos.<\/p>\n<p><strong>Vocabulario del fragmento:<\/strong><\/p>\n<li><strong>Los Reyes Magos.<\/strong> DE: <em>die Heiligen Drei K\u00f6nige<\/em>; EN: <em>the Three Wise Men<\/em>.]&nbsp;<br \/>\n<h2>Los regalos de los Reyes: Oro, incienso y mirra<\/h2>\n<p>&nbsp;<\/p>\n<p><strong>El oro<\/strong> es un metal muy preciado y, con este regalo, Baltasar quer\u00eda representar la realeza  (divina) del reci\u00e9n nacido.<br \/>\n<img src=\"http:\/\/yourspanishwindow.com\/blog\/wp-content\/uploads\/2019\/01\/oro-se-celebra-el-d\u00eda-de-los-Reyes-Magos-150x150.png\" alt=\"oro se celebra el d\u00eda de los Reyes Magos\" width=\"150\" height=\"150\" class=\"aligncenter size-thumbnail wp-image-1880\" srcset=\"https:\/\/yourspanishwindow.com\/blog\/wp-content\/uploads\/2019\/01\/oro-se-celebra-el-d\u00eda-de-los-Reyes-Magos-150x150.png 150w, https:\/\/yourspanishwindow.com\/blog\/wp-content\/uploads\/2019\/01\/oro-se-celebra-el-d\u00eda-de-los-Reyes-Magos-300x297.png 300w, https:\/\/yourspanishwindow.com\/blog\/wp-content\/uploads\/2019\/01\/oro-se-celebra-el-d\u00eda-de-los-Reyes-Magos.png 335w\" sizes=\"(max-width: 150px) 100vw, 150px\" \/><br \/>\n<strong>El incienso <\/strong>se lo entreg\u00f3 el rey Gaspar. El incienso proviene de la mezcla de varias resinas  arom\u00e1ticas y con \u00e9l representaba la divinidad  de Dios. Se suele quemar incienso en algunas celebraciones religiosas.<br \/>\n<img src=\"http:\/\/yourspanishwindow.com\/blog\/wp-content\/uploads\/2019\/01\/incienso-se-celebra-el-d\u00eda-de-los-Reyes-Magos-150x150.png\" alt=\"incienso se celebra el d\u00eda de los Reyes Magos\" width=\"150\" height=\"150\" class=\"aligncenter size-thumbnail wp-image-1884\"><br \/>\nMelchor fue el rey Mago que regal\u00f3 <strong>mirra <\/strong>a Jes\u00fas advirtiendo al ni\u00f1o del sufrimiento que iba a padecer  en el futuro. Antiguamente la mirra se usaba para uncir el cuerpo para la sepultura.<br \/>\n<img src=\"http:\/\/yourspanishwindow.com\/blog\/wp-content\/uploads\/2019\/01\/mirra-se-celebra-el-d\u00eda-de-los-Reyes-Magos-150x150.png\" alt=\"mirra se celebra el d\u00eda de los Reyes Magos\" width=\"150\" height=\"150\" class=\"aligncenter size-thumbnail wp-image-1885\"><\/p>\n<p>&nbsp;<\/p>\n<p><strong>Vocabulario del fragmento:<\/strong><\/li>\n<li><strong>El oro.<\/strong> DE: <em>das Gold<\/em>; EN: <em>gold<\/em>.<\/li>\n<li><strong>El incienso.<\/strong> DE: <em>der Weihrauch<\/em>; EN: <em>incense<\/em>.<\/li>\n<li><strong>La mirra.<\/strong> DE: <em>die Myrrhe<\/em>; EN: <em>myrrh<\/em>.<\/li>\n<li><strong>La realeza.<\/strong> DE: <em>die K\u00f6nigsw\u00fcrde<\/em>; EN: <em>royalty<\/em>.<\/li>\n<li><strong>La resina.<\/strong> DE: <em>das Harz<\/em>; EN: <em>resin<\/em>.<\/li>\n<li><strong>La divinidad.<\/strong> DE: <em>die Divinit\u00e4t, die G\u00f6ttlichkeit<\/em>; EN: <em>divinity, deity<\/em>.<\/li>\n<li><strong>Padecer.<\/strong> DE: <em>leiden<\/em>; EN: <em>to suffer<\/em>.&nbsp;<br \/>\n<h2>\u00bfC\u00f3mo se celebra el d\u00eda de los Reyes Magos en Espa\u00f1a?<\/h2>\n<p>&nbsp;<\/p>\n<h3>El d\u00eda 5 de enero: La cabalgata de los Reyes Magos<\/h3>\n<p>Este es un d\u00eda muy especial para los m\u00e1s peque\u00f1os de la casa (y para sus padres al ver la ilusi\u00f3n de sus hijos). Los ni\u00f1os salen a la calle con sus padres para ver un desfile de carrozas en el que los Reyes Magos (Melchor, Gaspar y Baltasar) y sus pajes lanzan caramelos a los ni\u00f1os.<br \/>\nEsa noche los ni\u00f1os tienen que limpiar los zapatos, dejar algo de comida a los Reyes (un peque\u00f1o tentempi\u00e9 ) y agua fresca a sus camellos e irse pronto a dormir. Los ni\u00f1os no pueden levantarse antes de tiempo de la cama porque si ven a los Reyes Magos, \u00e9stos se ir\u00e1n.<\/p>\n<p>&nbsp;<\/p>\n<h3>El d\u00eda 6 de enero: Los regalos y el Rosc\u00f3n de Reyes<\/h3>\n<p>El d\u00eda 6 los ni\u00f1os se levantan entusiasmados para ver qu\u00e9 les han tra\u00eddo los Reyes Magos. Los ni\u00f1os que se han portado bien durante todo el a\u00f1o reciben regalos y los que se han portado mal, carb\u00f3n. \u00a1Vaya disgusto! \ud83d\ude09<br \/>\nEl d\u00eda de Reyes todos comemos <strong>el Rosc\u00f3n de Reyes<\/strong>. El Rosc\u00f3n es un bollo de crema o nata con fruta confitadas. Dentro podemos encontrar dos cosas: <strong>una figura<\/strong> y <strong>un haba<\/strong>. La persona que encuentra la figura puede ponerse su corona de rey y la persona que encuentra el haba tiene que pagar el Rosc\u00f3n.<br \/>\n\u00a1Que aproveche!<\/p>\n<p><img src=\"http:\/\/yourspanishwindow.com\/blog\/wp-content\/uploads\/2019\/01\/roscon-se-celebra-el-d\u00eda-de-los-Reyes-Magos-300x199.png\" alt=\"roscon se celebra el d\u00eda de los Reyes Magos\" width=\"300\" height=\"199\" class=\"aligncenter size-medium wp-image-1900\" srcset=\"https:\/\/yourspanishwindow.com\/blog\/wp-content\/uploads\/2019\/01\/roscon-se-celebra-el-d\u00eda-de-los-Reyes-Magos-300x199.png 300w, https:\/\/yourspanishwindow.com\/blog\/wp-content\/uploads\/2019\/01\/roscon-se-celebra-el-d\u00eda-de-los-Reyes-Magos-768x508.png 768w, https:\/\/yourspanishwindow.com\/blog\/wp-content\/uploads\/2019\/01\/roscon-se-celebra-el-d\u00eda-de-los-Reyes-Magos-1024x678.png 1024w, https:\/\/yourspanishwindow.com\/blog\/wp-content\/uploads\/2019\/01\/roscon-se-celebra-el-d\u00eda-de-los-Reyes-Magos-750x497.png 750w, https:\/\/yourspanishwindow.com\/blog\/wp-content\/uploads\/2019\/01\/roscon-se-celebra-el-d\u00eda-de-los-Reyes-Magos.png 1080w\" sizes=\"(max-width: 300px) 100vw, 300px\" \/><\/p>\n<p>&nbsp;<\/p>\n<h2>Las preposiciones de lugar con los Reyes Magos<\/h2>\n<p>&nbsp;<\/p>\n<p><img src=\"http:\/\/yourspanishwindow.com\/blog\/wp-content\/uploads\/2019\/01\/vocabulario-preposiciones-lugar-reyes-magos-1-1024x1024.png\" alt=\"vocabulario preposiciones lugar reyes magos\" width=\"1024\" height=\"1024\" class=\"aligncenter size-large wp-image-1893\" srcset=\"https:\/\/yourspanishwindow.com\/blog\/wp-content\/uploads\/2019\/01\/vocabulario-preposiciones-lugar-reyes-magos-1-1024x1024.png 1024w, https:\/\/yourspanishwindow.com\/blog\/wp-content\/uploads\/2019\/01\/vocabulario-preposiciones-lugar-reyes-magos-1-150x150.png 150w, https:\/\/yourspanishwindow.com\/blog\/wp-content\/uploads\/2019\/01\/vocabulario-preposiciones-lugar-reyes-magos-1-300x300.png 300w, https:\/\/yourspanishwindow.com\/blog\/wp-content\/uploads\/2019\/01\/vocabulario-preposiciones-lugar-reyes-magos-1-768x768.png 768w, https:\/\/yourspanishwindow.com\/blog\/wp-content\/uploads\/2019\/01\/vocabulario-preposiciones-lugar-reyes-magos-1-750x750.png 750w, https:\/\/yourspanishwindow.com\/blog\/wp-content\/uploads\/2019\/01\/vocabulario-preposiciones-lugar-reyes-magos-1.png 1080w\" sizes=\"(max-width: 1024px) 100vw, 1024px\" \/><\/p>\n<p>&nbsp;<\/p>\n<h2>\u00bfD\u00f3nde est\u00e1n los Reyes Magos?<\/h2>\n<p>&nbsp;<\/p>\n<p><img src=\"http:\/\/yourspanishwindow.com\/blog\/wp-content\/uploads\/2019\/01\/actividad-preposiciones-lugar-reyes-magos-1-1024x1024.png\" alt=\"actividad preposiciones lugar reyes magos\" width=\"1024\" height=\"1024\" class=\"aligncenter size-large wp-image-1888\" srcset=\"https:\/\/yourspanishwindow.com\/blog\/wp-content\/uploads\/2019\/01\/actividad-preposiciones-lugar-reyes-magos-1-1024x1024.png 1024w, https:\/\/yourspanishwindow.com\/blog\/wp-content\/uploads\/2019\/01\/actividad-preposiciones-lugar-reyes-magos-1-150x150.png 150w, https:\/\/yourspanishwindow.com\/blog\/wp-content\/uploads\/2019\/01\/actividad-preposiciones-lugar-reyes-magos-1-300x300.png 300w, https:\/\/yourspanishwindow.com\/blog\/wp-content\/uploads\/2019\/01\/actividad-preposiciones-lugar-reyes-magos-1-768x768.png 768w, https:\/\/yourspanishwindow.com\/blog\/wp-content\/uploads\/2019\/01\/actividad-preposiciones-lugar-reyes-magos-1-750x750.png 750w, https:\/\/yourspanishwindow.com\/blog\/wp-content\/uploads\/2019\/01\/actividad-preposiciones-lugar-reyes-magos-1.png 1080w\" sizes=\"(max-width: 1024px) 100vw, 1024px\" \/><br \/>\n<img src=\"http:\/\/yourspanishwindow.com\/blog\/wp-content\/uploads\/2019\/01\/actividad-preposiciones-lugar-reyes-magos-2-1024x1024.png\" alt=\"actividad preposiciones lugar reyes magos\" width=\"1024\" height=\"1024\" class=\"aligncenter size-large wp-image-1890\" srcset=\"https:\/\/yourspanishwindow.com\/blog\/wp-content\/uploads\/2019\/01\/actividad-preposiciones-lugar-reyes-magos-2-1024x1024.png 1024w, https:\/\/yourspanishwindow.com\/blog\/wp-content\/uploads\/2019\/01\/actividad-preposiciones-lugar-reyes-magos-2-150x150.png 150w, https:\/\/yourspanishwindow.com\/blog\/wp-content\/uploads\/2019\/01\/actividad-preposiciones-lugar-reyes-magos-2-300x300.png 300w, https:\/\/yourspanishwindow.com\/blog\/wp-content\/uploads\/2019\/01\/actividad-preposiciones-lugar-reyes-magos-2-768x768.png 768w, https:\/\/yourspanishwindow.com\/blog\/wp-content\/uploads\/2019\/01\/actividad-preposiciones-lugar-reyes-magos-2-750x750.png 750w, https:\/\/yourspanishwindow.com\/blog\/wp-content\/uploads\/2019\/01\/actividad-preposiciones-lugar-reyes-magos-2.png 1080w\" sizes=\"(max-width: 1024px) 100vw, 1024px\" \/><\/p>\n<p>&nbsp;<\/p>\n<p><strong>Soluciones:<\/strong><\/p>\n<p>1. Los Reyes Magos est\u00e1n <strong>al lado de<\/strong> la chimenea.<br \/>\n2. Los Reyes Magos est\u00e1n <strong>entre<\/strong> la chimenea y Pap\u00e1 Noel.<br \/>\n3. Los Reyes Magos est\u00e1n <strong>delante de<\/strong> la chimenea.<br \/>\n4. Los Reyes Magos est\u00e1n <strong>en<\/strong> Oriente.<\/p>\n<p>&nbsp;<\/p>\n<h4>\u00bfConoc\u00edas esta tradici\u00f3n espa\u00f1ola? \u00bfQu\u00e9 d\u00eda reciben los ni\u00f1os regalos en tu pa\u00eds?<br \/>\nTe leo en la zona de comentarios \ud83d\ude42<\/h4>\n<h4>&nbsp;<\/p>\n<p><img src=\"http:\/\/yourspanishwindow.com\/blog\/wp-content\/uploads\/2019\/01\/feliz-dia-reyes-magos-1024x1024.png\" alt=\"feliz dia reyes magos\" width=\"1024\" height=\"1024\" class=\"aligncenter size-large wp-image-1895\" srcset=\"https:\/\/yourspanishwindow.com\/blog\/wp-content\/uploads\/2019\/01\/feliz-dia-reyes-magos-1024x1024.png 1024w, https:\/\/yourspanishwindow.com\/blog\/wp-content\/uploads\/2019\/01\/feliz-dia-reyes-magos-150x150.png 150w, https:\/\/yourspanishwindow.com\/blog\/wp-content\/uploads\/2019\/01\/feliz-dia-reyes-magos-300x300.png 300w, https:\/\/yourspanishwindow.com\/blog\/wp-content\/uploads\/2019\/01\/feliz-dia-reyes-magos-768x768.png 768w, https:\/\/yourspanishwindow.com\/blog\/wp-content\/uploads\/2019\/01\/feliz-dia-reyes-magos-750x750.png 750w, https:\/\/yourspanishwindow.com\/blog\/wp-content\/uploads\/2019\/01\/feliz-dia-reyes-magos.png 1080w\" sizes=\"(max-width: 1024px) 100vw, 1024px\" \/><\/h4>\n<\/li>\n","protected":false},"excerpt":{"rendered":"<p>5\/5 &#8211; (10 votos) \u00a1Desde Your Spanish Window te deseo un feliz a\u00f1o nuevo! \ud83d\ude42 &nbsp; \u00bfSabes c\u00f3mo se celebra el d\u00eda de los Reyes Magos en Espa\u00f1a? \u00bfNo sabes&hellip;<a href=\"https:\/\/yourspanishwindow.com\/blog\/como-se-celebra-dia-reyes-magos-espana\" class=\"more-link\">Contin\u00faa leyendo <span class=\"screen-reader-text\">\u00bfC\u00f3mo se celebra el d\u00eda de los Reyes Magos?<\/span><\/a><\/p>\n","protected":false},"author":2,"featured_media":2726,"comment_status":"open","ping_status":"open","sticky":false,"template":"","format":"standard","meta":{"spay_email":""},"categories":[7,12],"tags":[32,50,38],"yoast_head":"<!-- This site is optimized with the Yoast SEO plugin v18.1 - https:\/\/yoast.com\/wordpress\/plugins\/seo\/ -->\n<title>\u00bfC\u00f3mo se celebra el d\u00eda de los Reyes Magos en Espa\u00f1a?<\/title>\n<meta name=\"description\" content=\"\u00bfQui\u00e9nes son los Reyes Magos? Los regalos de los Reyes: Oro, incienso y mirra. \u00bfC\u00f3mo se celebra el d\u00eda de los Reyes Magos? Cabalgata. Preposiciones de lugar\" \/>\n<meta name=\"robots\" content=\"index, follow, max-snippet:-1, max-image-preview:large, max-video-preview:-1\" \/>\n<link rel=\"canonical\" href=\"https:\/\/yourspanishwindow.com\/blog\/como-se-celebra-dia-reyes-magos-espana\" \/>\n<meta property=\"og:locale\" content=\"es_ES\" \/>\n<meta property=\"og:type\" content=\"article\" \/>\n<meta property=\"og:title\" content=\"\u00bfC\u00f3mo se celebra el d\u00eda de los Reyes Magos en Espa\u00f1a?\" \/>\n<meta property=\"og:description\" content=\"\u00bfQui\u00e9nes son los Reyes Magos? Los regalos de los Reyes: Oro, incienso y mirra. \u00bfC\u00f3mo se celebra el d\u00eda de los Reyes Magos? Cabalgata. Preposiciones de lugar\" \/>\n<meta property=\"og:url\" content=\"https:\/\/yourspanishwindow.com\/blog\/como-se-celebra-dia-reyes-magos-espana\" \/>\n<meta property=\"og:site_name\" content=\"BLOG Your Spanish Window\" \/>\n<meta property=\"article:publisher\" content=\"https:\/\/www.facebook.com\/yourspanishwindow\/\" \/>\n<meta property=\"article:published_time\" content=\"2019-01-06T11:47:14+00:00\" \/>\n<meta property=\"article:modified_time\" content=\"2021-01-05T12:04:44+00:00\" \/>\n<meta property=\"og:image\" content=\"https:\/\/yourspanishwindow.com\/blog\/wp-content\/uploads\/2019\/01\/dia-reyes-magos-aprender-espanol.jpg\" \/>\n\t<meta property=\"og:image:width\" content=\"1280\" \/>\n\t<meta property=\"og:image:height\" content=\"720\" \/>\n\t<meta property=\"og:image:type\" content=\"image\/jpeg\" \/>\n<meta name=\"twitter:card\" content=\"summary_large_image\" \/>\n<meta name=\"twitter:label1\" content=\"Escrito por\" \/>\n\t<meta name=\"twitter:data1\" content=\"Mar\u00eda Mart\u00edn Sierra\" \/>\n\t<meta name=\"twitter:label2\" content=\"Tiempo de lectura\" \/>\n\t<meta name=\"twitter:data2\" content=\"4 minutos\" \/>\n<script type=\"application\/ld+json\" class=\"yoast-schema-graph\">{\"@context\":\"https:\/\/schema.org\",\"@graph\":[{\"@type\":\"Organization\",\"@id\":\"https:\/\/yourspanishwindow.com\/blog\/#organization\",\"name\":\"Your Spanish Window\",\"url\":\"https:\/\/yourspanishwindow.com\/blog\/\",\"sameAs\":[\"https:\/\/www.facebook.com\/yourspanishwindow\/\",\"https:\/\/www.youtube.com\/channel\/UCVw_pbvKeGQIfqSDENu3XlQ\"],\"logo\":{\"@type\":\"ImageObject\",\"@id\":\"https:\/\/yourspanishwindow.com\/blog\/#logo\",\"inLanguage\":\"es\",\"url\":\"https:\/\/yourspanishwindow.com\/blog\/wp-content\/uploads\/2017\/12\/logo-blue.png\",\"contentUrl\":\"https:\/\/yourspanishwindow.com\/blog\/wp-content\/uploads\/2017\/12\/logo-blue.png\",\"width\":606,\"height\":228,\"caption\":\"Your Spanish Window\"},\"image\":{\"@id\":\"https:\/\/yourspanishwindow.com\/blog\/#logo\"}},{\"@type\":\"WebSite\",\"@id\":\"https:\/\/yourspanishwindow.com\/blog\/#website\",\"url\":\"https:\/\/yourspanishwindow.com\/blog\/\",\"name\":\"BLOG Your Spanish Window\",\"description\":\"\",\"publisher\":{\"@id\":\"https:\/\/yourspanishwindow.com\/blog\/#organization\"},\"potentialAction\":[{\"@type\":\"SearchAction\",\"target\":{\"@type\":\"EntryPoint\",\"urlTemplate\":\"https:\/\/yourspanishwindow.com\/blog\/?s={search_term_string}\"},\"query-input\":\"required name=search_term_string\"}],\"inLanguage\":\"es\"},{\"@type\":\"ImageObject\",\"@id\":\"https:\/\/yourspanishwindow.com\/blog\/como-se-celebra-dia-reyes-magos-espana#primaryimage\",\"inLanguage\":\"es\",\"url\":\"https:\/\/yourspanishwindow.com\/blog\/wp-content\/uploads\/2019\/01\/dia-reyes-magos-aprender-espanol.jpg\",\"contentUrl\":\"https:\/\/yourspanishwindow.com\/blog\/wp-content\/uploads\/2019\/01\/dia-reyes-magos-aprender-espanol.jpg\",\"width\":1280,\"height\":720,\"caption\":\"como se celebra dia reyes magos espana\"},{\"@type\":\"WebPage\",\"@id\":\"https:\/\/yourspanishwindow.com\/blog\/como-se-celebra-dia-reyes-magos-espana#webpage\",\"url\":\"https:\/\/yourspanishwindow.com\/blog\/como-se-celebra-dia-reyes-magos-espana\",\"name\":\"\u00bfC\u00f3mo se celebra el d\u00eda de los Reyes Magos en Espa\u00f1a?\",\"isPartOf\":{\"@id\":\"https:\/\/yourspanishwindow.com\/blog\/#website\"},\"primaryImageOfPage\":{\"@id\":\"https:\/\/yourspanishwindow.com\/blog\/como-se-celebra-dia-reyes-magos-espana#primaryimage\"},\"datePublished\":\"2019-01-06T11:47:14+00:00\",\"dateModified\":\"2021-01-05T12:04:44+00:00\",\"description\":\"\u00bfQui\u00e9nes son los Reyes Magos? Los regalos de los Reyes: Oro, incienso y mirra. \u00bfC\u00f3mo se celebra el d\u00eda de los Reyes Magos? Cabalgata. Preposiciones de lugar\",\"breadcrumb\":{\"@id\":\"https:\/\/yourspanishwindow.com\/blog\/como-se-celebra-dia-reyes-magos-espana#breadcrumb\"},\"inLanguage\":\"es\",\"potentialAction\":[{\"@type\":\"ReadAction\",\"target\":[\"https:\/\/yourspanishwindow.com\/blog\/como-se-celebra-dia-reyes-magos-espana\"]}]},{\"@type\":\"BreadcrumbList\",\"@id\":\"https:\/\/yourspanishwindow.com\/blog\/como-se-celebra-dia-reyes-magos-espana#breadcrumb\",\"itemListElement\":[{\"@type\":\"ListItem\",\"position\":1,\"name\":\"Portada\",\"item\":\"https:\/\/yourspanishwindow.com\/blog\"},{\"@type\":\"ListItem\",\"position\":2,\"name\":\"\u00bfC\u00f3mo se celebra el d\u00eda de los Reyes Magos?\"}]},{\"@type\":\"Article\",\"@id\":\"https:\/\/yourspanishwindow.com\/blog\/como-se-celebra-dia-reyes-magos-espana#article\",\"isPartOf\":{\"@id\":\"https:\/\/yourspanishwindow.com\/blog\/como-se-celebra-dia-reyes-magos-espana#webpage\"},\"author\":{\"@id\":\"https:\/\/yourspanishwindow.com\/blog\/#\/schema\/person\/9ea85f2d12b378d569af604ec2857e30\"},\"headline\":\"\u00bfC\u00f3mo se celebra el d\u00eda de los Reyes Magos?\",\"datePublished\":\"2019-01-06T11:47:14+00:00\",\"dateModified\":\"2021-01-05T12:04:44+00:00\",\"mainEntityOfPage\":{\"@id\":\"https:\/\/yourspanishwindow.com\/blog\/como-se-celebra-dia-reyes-magos-espana#webpage\"},\"wordCount\":748,\"commentCount\":0,\"publisher\":{\"@id\":\"https:\/\/yourspanishwindow.com\/blog\/#organization\"},\"image\":{\"@id\":\"https:\/\/yourspanishwindow.com\/blog\/como-se-celebra-dia-reyes-magos-espana#primaryimage\"},\"thumbnailUrl\":\"https:\/\/yourspanishwindow.com\/blog\/wp-content\/uploads\/2019\/01\/dia-reyes-magos-aprender-espanol.jpg\",\"keywords\":[\"historia\",\"preposiciones\",\"vocabulario\"],\"articleSection\":[\"Nivel b\u00e1sico\",\"Nivel intermedio\"],\"inLanguage\":\"es\",\"potentialAction\":[{\"@type\":\"CommentAction\",\"name\":\"Comment\",\"target\":[\"https:\/\/yourspanishwindow.com\/blog\/como-se-celebra-dia-reyes-magos-espana#respond\"]}]},{\"@type\":\"Person\",\"@id\":\"https:\/\/yourspanishwindow.com\/blog\/#\/schema\/person\/9ea85f2d12b378d569af604ec2857e30\",\"name\":\"Mar\u00eda Mart\u00edn Sierra\",\"image\":{\"@type\":\"ImageObject\",\"@id\":\"https:\/\/yourspanishwindow.com\/blog\/#personlogo\",\"inLanguage\":\"es\",\"url\":\"https:\/\/secure.gravatar.com\/avatar\/a80c8dbc48b87d9c47488219c4c4fea0?s=96&d=mm&r=g\",\"contentUrl\":\"https:\/\/secure.gravatar.com\/avatar\/a80c8dbc48b87d9c47488219c4c4fea0?s=96&d=mm&r=g\",\"caption\":\"Mar\u00eda Mart\u00edn Sierra\"}}]}<\/script>\n<!-- \/ Yoast SEO plugin. -->","yoast_head_json":{"title":"\u00bfC\u00f3mo se celebra el d\u00eda de los Reyes Magos en Espa\u00f1a?","description":"\u00bfQui\u00e9nes son los Reyes Magos? Los regalos de los Reyes: Oro, incienso y mirra. \u00bfC\u00f3mo se celebra el d\u00eda de los Reyes Magos? Cabalgata. Preposiciones de lugar","robots":{"index":"index","follow":"follow","max-snippet":"max-snippet:-1","max-image-preview":"max-image-preview:large","max-video-preview":"max-video-preview:-1"},"canonical":"https:\/\/yourspanishwindow.com\/blog\/como-se-celebra-dia-reyes-magos-espana","og_locale":"es_ES","og_type":"article","og_title":"\u00bfC\u00f3mo se celebra el d\u00eda de los Reyes Magos en Espa\u00f1a?","og_description":"\u00bfQui\u00e9nes son los Reyes Magos? Los regalos de los Reyes: Oro, incienso y mirra. \u00bfC\u00f3mo se celebra el d\u00eda de los Reyes Magos? Cabalgata. Preposiciones de lugar","og_url":"https:\/\/yourspanishwindow.com\/blog\/como-se-celebra-dia-reyes-magos-espana","og_site_name":"BLOG Your Spanish Window","article_publisher":"https:\/\/www.facebook.com\/yourspanishwindow\/","article_published_time":"2019-01-06T11:47:14+00:00","article_modified_time":"2021-01-05T12:04:44+00:00","og_image":[{"width":1280,"height":720,"url":"https:\/\/yourspanishwindow.com\/blog\/wp-content\/uploads\/2019\/01\/dia-reyes-magos-aprender-espanol.jpg","type":"image\/jpeg"}],"twitter_card":"summary_large_image","twitter_misc":{"Escrito por":"Mar\u00eda Mart\u00edn Sierra","Tiempo de lectura":"4 minutos"},"schema":{"@context":"https:\/\/schema.org","@graph":[{"@type":"Organization","@id":"https:\/\/yourspanishwindow.com\/blog\/#organization","name":"Your Spanish Window","url":"https:\/\/yourspanishwindow.com\/blog\/","sameAs":["https:\/\/www.facebook.com\/yourspanishwindow\/","https:\/\/www.youtube.com\/channel\/UCVw_pbvKeGQIfqSDENu3XlQ"],"logo":{"@type":"ImageObject","@id":"https:\/\/yourspanishwindow.com\/blog\/#logo","inLanguage":"es","url":"https:\/\/yourspanishwindow.com\/blog\/wp-content\/uploads\/2017\/12\/logo-blue.png","contentUrl":"https:\/\/yourspanishwindow.com\/blog\/wp-content\/uploads\/2017\/12\/logo-blue.png","width":606,"height":228,"caption":"Your Spanish Window"},"image":{"@id":"https:\/\/yourspanishwindow.com\/blog\/#logo"}},{"@type":"WebSite","@id":"https:\/\/yourspanishwindow.com\/blog\/#website","url":"https:\/\/yourspanishwindow.com\/blog\/","name":"BLOG Your Spanish Window","description":"","publisher":{"@id":"https:\/\/yourspanishwindow.com\/blog\/#organization"},"potentialAction":[{"@type":"SearchAction","target":{"@type":"EntryPoint","urlTemplate":"https:\/\/yourspanishwindow.com\/blog\/?s={search_term_string}"},"query-input":"required name=search_term_string"}],"inLanguage":"es"},{"@type":"ImageObject","@id":"https:\/\/yourspanishwindow.com\/blog\/como-se-celebra-dia-reyes-magos-espana#primaryimage","inLanguage":"es","url":"https:\/\/yourspanishwindow.com\/blog\/wp-content\/uploads\/2019\/01\/dia-reyes-magos-aprender-espanol.jpg","contentUrl":"https:\/\/yourspanishwindow.com\/blog\/wp-content\/uploads\/2019\/01\/dia-reyes-magos-aprender-espanol.jpg","width":1280,"height":720,"caption":"como se celebra dia reyes magos espana"},{"@type":"WebPage","@id":"https:\/\/yourspanishwindow.com\/blog\/como-se-celebra-dia-reyes-magos-espana#webpage","url":"https:\/\/yourspanishwindow.com\/blog\/como-se-celebra-dia-reyes-magos-espana","name":"\u00bfC\u00f3mo se celebra el d\u00eda de los Reyes Magos en Espa\u00f1a?","isPartOf":{"@id":"https:\/\/yourspanishwindow.com\/blog\/#website"},"primaryImageOfPage":{"@id":"https:\/\/yourspanishwindow.com\/blog\/como-se-celebra-dia-reyes-magos-espana#primaryimage"},"datePublished":"2019-01-06T11:47:14+00:00","dateModified":"2021-01-05T12:04:44+00:00","description":"\u00bfQui\u00e9nes son los Reyes Magos? Los regalos de los Reyes: Oro, incienso y mirra. \u00bfC\u00f3mo se celebra el d\u00eda de los Reyes Magos? Cabalgata. Preposiciones de lugar","breadcrumb":{"@id":"https:\/\/yourspanishwindow.com\/blog\/como-se-celebra-dia-reyes-magos-espana#breadcrumb"},"inLanguage":"es","potentialAction":[{"@type":"ReadAction","target":["https:\/\/yourspanishwindow.com\/blog\/como-se-celebra-dia-reyes-magos-espana"]}]},{"@type":"BreadcrumbList","@id":"https:\/\/yourspanishwindow.com\/blog\/como-se-celebra-dia-reyes-magos-espana#breadcrumb","itemListElement":[{"@type":"ListItem","position":1,"name":"Portada","item":"https:\/\/yourspanishwindow.com\/blog"},{"@type":"ListItem","position":2,"name":"\u00bfC\u00f3mo se celebra el d\u00eda de los Reyes Magos?"}]},{"@type":"Article","@id":"https:\/\/yourspanishwindow.com\/blog\/como-se-celebra-dia-reyes-magos-espana#article","isPartOf":{"@id":"https:\/\/yourspanishwindow.com\/blog\/como-se-celebra-dia-reyes-magos-espana#webpage"},"author":{"@id":"https:\/\/yourspanishwindow.com\/blog\/#\/schema\/person\/9ea85f2d12b378d569af604ec2857e30"},"headline":"\u00bfC\u00f3mo se celebra el d\u00eda de los Reyes Magos?","datePublished":"2019-01-06T11:47:14+00:00","dateModified":"2021-01-05T12:04:44+00:00","mainEntityOfPage":{"@id":"https:\/\/yourspanishwindow.com\/blog\/como-se-celebra-dia-reyes-magos-espana#webpage"},"wordCount":748,"commentCount":0,"publisher":{"@id":"https:\/\/yourspanishwindow.com\/blog\/#organization"},"image":{"@id":"https:\/\/yourspanishwindow.com\/blog\/como-se-celebra-dia-reyes-magos-espana#primaryimage"},"thumbnailUrl":"https:\/\/yourspanishwindow.com\/blog\/wp-content\/uploads\/2019\/01\/dia-reyes-magos-aprender-espanol.jpg","keywords":["historia","preposiciones","vocabulario"],"articleSection":["Nivel b\u00e1sico","Nivel intermedio"],"inLanguage":"es","potentialAction":[{"@type":"CommentAction","name":"Comment","target":["https:\/\/yourspanishwindow.com\/blog\/como-se-celebra-dia-reyes-magos-espana#respond"]}]},{"@type":"Person","@id":"https:\/\/yourspanishwindow.com\/blog\/#\/schema\/person\/9ea85f2d12b378d569af604ec2857e30","name":"Mar\u00eda Mart\u00edn Sierra","image":{"@type":"ImageObject","@id":"https:\/\/yourspanishwindow.com\/blog\/#personlogo","inLanguage":"es","url":"https:\/\/secure.gravatar.com\/avatar\/a80c8dbc48b87d9c47488219c4c4fea0?s=96&d=mm&r=g","contentUrl":"https:\/\/secure.gravatar.com\/avatar\/a80c8dbc48b87d9c47488219c4c4fea0?s=96&d=mm&r=g","caption":"Mar\u00eda Mart\u00edn Sierra"}}]}},"jetpack_featured_media_url":"https:\/\/yourspanishwindow.com\/blog\/wp-content\/uploads\/2019\/01\/dia-reyes-magos-aprender-espanol.jpg","_links":{"self":[{"href":"https:\/\/yourspanishwindow.com\/blog\/wp-json\/wp\/v2\/posts\/1876"}],"collection":[{"href":"https:\/\/yourspanishwindow.com\/blog\/wp-json\/wp\/v2\/posts"}],"about":[{"href":"https:\/\/yourspanishwindow.com\/blog\/wp-json\/wp\/v2\/types\/post"}],"author":[{"embeddable":true,"href":"https:\/\/yourspanishwindow.com\/blog\/wp-json\/wp\/v2\/users\/2"}],"replies":[{"embeddable":true,"href":"https:\/\/yourspanishwindow.com\/blog\/wp-json\/wp\/v2\/comments?post=1876"}],"version-history":[{"count":26,"href":"https:\/\/yourspanishwindow.com\/blog\/wp-json\/wp\/v2\/posts\/1876\/revisions"}],"predecessor-version":[{"id":2727,"href":"https:\/\/yourspanishwindow.com\/blog\/wp-json\/wp\/v2\/posts\/1876\/revisions\/2727"}],"wp:featuredmedia":[{"embeddable":true,"href":"https:\/\/yourspanishwindow.com\/blog\/wp-json\/wp\/v2\/media\/2726"}],"wp:attachment":[{"href":"https:\/\/yourspanishwindow.com\/blog\/wp-json\/wp\/v2\/media?parent=1876"}],"wp:term":[{"taxonomy":"category","embeddable":true,"href":"https:\/\/yourspanishwindow.com\/blog\/wp-json\/wp\/v2\/categories?post=1876"},{"taxonomy":"post_tag","embeddable":true,"href":"https:\/\/yourspanishwindow.com\/blog\/wp-json\/wp\/v2\/tags?post=1876"}],"curies":[{"name":"wp","href":"https:\/\/api.w.org\/{rel}","templated":true}]}}