{"id":1551,"date":"2018-10-29T15:44:02","date_gmt":"2018-10-29T15:44:02","guid":{"rendered":"http:\/\/yourspanishwindow.com\/blog\/?p=1551"},"modified":"2018-10-30T21:55:52","modified_gmt":"2018-10-30T21:55:52","slug":"truco-trato-aprende-espanol-dia-de-halloween","status":"publish","type":"post","link":"https:\/\/yourspanishwindow.com\/blog\/truco-trato-aprende-espanol-dia-de-halloween","title":{"rendered":"\u00bfTruco o trato? Aprende espa\u00f1ol el d\u00eda de Halloween"},"content":{"rendered":"\n<div class=\"kk-star-ratings\n     kksr-valign-top     kksr-align-left    \"\n    data-payload=\"{&quot;align&quot;:&quot;left&quot;,&quot;id&quot;:&quot;1551&quot;,&quot;slug&quot;:&quot;default&quot;,&quot;valign&quot;:&quot;top&quot;,&quot;reference&quot;:&quot;auto&quot;,&quot;count&quot;:&quot;8&quot;,&quot;readonly&quot;:&quot;&quot;,&quot;score&quot;:&quot;5&quot;,&quot;best&quot;:&quot;5&quot;,&quot;gap&quot;:&quot;0&quot;,&quot;greet&quot;:&quot;&quot;,&quot;legend&quot;:&quot;5\\\/5 - (8 votos)&quot;,&quot;size&quot;:&quot;0&quot;,&quot;width&quot;:&quot;0&quot;,&quot;_legend&quot;:&quot;{score}\\\/{best} - ({count} {votes})&quot;}\">\n    \n<div class=\"kksr-stars\">\n    \n<div class=\"kksr-stars-inactive\">\n            <div class=\"kksr-star\" data-star=\"1\" style=\"padding-right: 0px\">\n            \n\n<div class=\"kksr-icon\" style=\"width: 0px; height: 0px;\"><\/div>\n        <\/div>\n            <div class=\"kksr-star\" data-star=\"2\" style=\"padding-right: 0px\">\n            \n\n<div class=\"kksr-icon\" style=\"width: 0px; height: 0px;\"><\/div>\n        <\/div>\n            <div class=\"kksr-star\" data-star=\"3\" style=\"padding-right: 0px\">\n            \n\n<div class=\"kksr-icon\" style=\"width: 0px; height: 0px;\"><\/div>\n        <\/div>\n            <div class=\"kksr-star\" data-star=\"4\" style=\"padding-right: 0px\">\n            \n\n<div class=\"kksr-icon\" style=\"width: 0px; height: 0px;\"><\/div>\n        <\/div>\n            <div class=\"kksr-star\" data-star=\"5\" style=\"padding-right: 0px\">\n            \n\n<div class=\"kksr-icon\" style=\"width: 0px; height: 0px;\"><\/div>\n        <\/div>\n    <\/div>\n    \n<div class=\"kksr-stars-active\" style=\"width: 0px;\">\n            <div class=\"kksr-star\" style=\"padding-right: 0px\">\n            \n\n<div class=\"kksr-icon\" style=\"width: 0px; height: 0px;\"><\/div>\n        <\/div>\n            <div class=\"kksr-star\" style=\"padding-right: 0px\">\n            \n\n<div class=\"kksr-icon\" style=\"width: 0px; height: 0px;\"><\/div>\n        <\/div>\n            <div class=\"kksr-star\" style=\"padding-right: 0px\">\n            \n\n<div class=\"kksr-icon\" style=\"width: 0px; height: 0px;\"><\/div>\n        <\/div>\n            <div class=\"kksr-star\" style=\"padding-right: 0px\">\n            \n\n<div class=\"kksr-icon\" style=\"width: 0px; height: 0px;\"><\/div>\n        <\/div>\n            <div class=\"kksr-star\" style=\"padding-right: 0px\">\n            \n\n<div class=\"kksr-icon\" style=\"width: 0px; height: 0px;\"><\/div>\n        <\/div>\n    <\/div>\n<\/div>\n    \n<div class=\"kksr-legend\">\n            5\/5 - (8 votos)    <\/div>\n<\/div>\n<p>Bienvenido a <a href=\"http:\/\/www.yourspanishwindow.com\" target=\"_blank\" rel=\"noopener\">Your Spanish Window<\/a>, querido lector. Hoy vamos a escuchar las canciones de <strong>\u00abEsto es Halloween\u00bb<\/strong> de la pel\u00edcula de \u00abPesadilla antes de Navidad\u00bb y la de <strong>\u00abLa llorona\u00bb<\/strong> que <a href=\"https:\/\/yourspanishwindow.com\/blog\/sabes-cual-diferencia-preteritos-indefinido-imperfecto\" target=\"_blank\" rel=\"noopener\">vimos<\/a> en la pel\u00edcula \u00abCoco\u00bb. <br \/>\nTambi\u00e9n vamos a hablar sobre <strong>el origen del d\u00eda de Halloween (lista de vocabulario incluida<\/strong>; os facilito la tarea \ud83d\ude09 ), vamos a <strong>aprender nuevas palabras<\/strong> relacionadas con el tema y vamos a hacer una rica <strong>tarta de calabaza<\/strong>.<\/p>\n<p>\u00a1No te lo pierdas!<\/p>\n<h2>\n<p>Esto es Halloween<\/h2>\n<p><iframe width=\"1040\" height=\"780\" src=\"https:\/\/www.youtube.com\/embed\/Gu_q09wwhyY?feature=oembed\" frameborder=\"0\" allow=\"accelerometer; autoplay; encrypted-media; gyroscope; picture-in-picture\" allowfullscreen><\/iframe><\/p>\n<p>&nbsp;<\/p>\n<p style=\"text-align: left;\">Pel\u00edcula: Pesadilla antes de Navidad.<\/p>\n<p style=\"text-align: left;\">Canci\u00f3n: Esto es Halloween.<\/p>\n<p>\u00abNi\u00f1os, ni\u00f1as y los dem\u00e1s, si ven\u00eds os voy a ense\u00f1ar\u00a0<br \/>\nalgo extra\u00f1o que hay aqu\u00ed: la ciudad de Halloween.<br \/>\n\u00a1Esto es Halloween, esto es Halloween!<\/p>\n<p style=\"text-align: left;\">La funci\u00f3n ya va a empezar, somos traviesos y a todos vamos a asustar.\u00a0<br \/>\nMi ciudad <br \/>\n\u00a1Vamos a gritar en la ciudad de Halloween!<\/p>\n<p>Yo soy el monstruo que se esconde en todas partes.<br \/>\nDientes afilados, ojos muy brillantes.<\/p>\n<p>Yo siempre me escondo detr\u00e1s de la escalera,\u00a0<br \/>\nsiempre tengo ara\u00f1as en mi cabellera.\u00a0<\/p>\n<p>Esto es Halloween, esto es Halloween, Halloween, Halloween, &#8230;<\/p>\n<p>En la ciudad, que es mi hogar, el D\u00eda de difuntos voy a celebrar.\u00a0<br \/>\nMi ciudad, os encantar\u00e1, todo el mundo sabe que algo va a pasar.\u00a0<\/p>\n<p>Mira adonde vas, \u00a1muy bien escondido hay algo que te asustar\u00e1 y te har\u00e1 gritar!\u00a0<br \/>\n\u00a1Gritar!\u00a0<br \/>\nEsto es Halloween.\u00a0<br \/>\n\u00a1M\u00edralo!\u00a0<br \/>\n\u00a1Qu\u00e9 asco da!\u00a0<br \/>\n\u00bfTe asust\u00e9? \u00a1Pues ay qu\u00e9 bien!\u00a0<br \/>\nSi quer\u00e9is apostar, tirad el dado y a jugar.<\/p>\n<p style=\"text-align: left;\">\nBrilla la luna en la oscuridad.\u00a0<br \/>\n\u00a1Vamos a gritar! \u00a1Vamos a gritar!\u00a0<br \/>\nEn la ciudad de Halloween\u00a0<\/p>\n<p>Yo soy el payaso que te hace llorar,\u00a0<br \/>\nde pronto aparece y desaparecer\u00e1.\u00a0<\/p>\n<p>Yo soy aquel al que nunca veis,\u00a0<br \/>\nyo soy el viento estremecedor.<\/p>\n<p>Sue\u00f1o enemigo del astro rey\u00a0<br \/>\nlleno tus sue\u00f1os de terror.\u00a0<\/p>\n<p>Esto es Halloween, esto es Halloween.\u00a0<\/p>\n<p><a href=\"http:\/\/yourspanishwindow.com\/blog\/sabes-usar-imperativo-espanol\" target=\"_blank\" rel=\"noopener\">Escuchadme<\/a> con atenci\u00f3n sin temor no hay emoci\u00f3n\u00a0<br \/>\nJunto a ti yo soy feliz trabajando en Halloween.\u00a0<br \/>\nMi ciudad os encantar\u00e1, todo el mundo sabe que algo va a pasar.\u00a0<\/p>\n<p style=\"text-align: left;\">\nSi Jack Skellington te atrapa, un susto de muerte de dar\u00e1 y ver\u00e1s&#8230;\u00a0<br \/>\n\u00a1Esto es Halloween!<br \/>\n\u00a1Vamos a gritar!\u00a0<br \/>\nVamos a acabar con un tipo especial,\u00a0<br \/>\nnuestro Jack es Rey de la Oscuridad,\u00a0<br \/>\ntodos aplauden al Rey del Mal.\u00a0<br \/>\nEsto es Halloween &#8230;\u00a0<br \/>\nEn la ciudad, que es mi hogar,\u00a0<br \/>\nel D\u00eda de Difuntos voy a celebrar&#8230;\u00bb<\/p>\n<p style=\"text-align: center;\">\u00a0<\/p>\n<h2>El origen del d\u00eda de Halloween<\/h2>\n<p>&nbsp;<\/p>\n<p>El d\u00eda de Halloween proviene\u00a0de una <strong>tradici\u00f3n de los pueblos celtas de Irlanda<\/strong>. Estos pueblos celebraban el fin del verano y el comienzo del<strong>\u00a0oto\u00f1o<\/strong> con un famoso festival conocido como <em>Samhain<\/em> (\u00abfin del verano\u00bb).<\/p>\n<p>\nLos celtas pensaban que, en la noche del 31 de octubre al 1 de noviembre, <strong>empezaba un a\u00f1o nuevo<\/strong> y que, con \u00abla muerte\u00bb de la cosecha, la l\u00ednea entre el mundo de los vivos y los muertos se estrechaba hasta unirse. Gracias a esto los muertos pod\u00edan vagar entre los dos mundos y<strong> visitar a los miembros de su familia.<\/strong> La gente no quer\u00eda que los esp\u00edritus malignos les hiciesen da\u00f1o y por eso <strong>se disfrazaban con m\u00e1scaras terror\u00edficas<\/strong> para parecerse a ellos.\u00a0 Tambi\u00e9n preparaban <strong>ofrendas para sus muertos<\/strong> y les guiaban en su camino, ahuyentando a los malos esp\u00edritus, con <strong>farolillos<\/strong> diferentes a los actuales: hac\u00edan un agujero en un nabo para meter un trozo de carb\u00f3n y as\u00ed alumbrar el camino.\u00a0<\/p>\n<p><img class=\"aligncenter  wp-image-1567\" src=\"http:\/\/yourspanishwindow.com\/blog\/wp-content\/uploads\/2018\/10\/ofrendas-d\u00eda-de-Halloween.png\" alt=\"ofrendas d\u00eda de halloween\" width=\"601\" height=\"674\" srcset=\"https:\/\/yourspanishwindow.com\/blog\/wp-content\/uploads\/2018\/10\/ofrendas-d\u00eda-de-Halloween.png 702w, https:\/\/yourspanishwindow.com\/blog\/wp-content\/uploads\/2018\/10\/ofrendas-d\u00eda-de-Halloween-268x300.png 268w\" sizes=\"(max-width: 601px) 100vw, 601px\" \/><\/p>\n<p>[En este texto estamos usando el pret\u00e9rito imperfecto, \u00bfsabes por qu\u00e9? \u00bfQu\u00e9 diferencia hay entre este tiempo y el pret\u00e9rito indefinido? Haz clic <a href=\"https:\/\/yourspanishwindow.com\/blog\/sabes-cual-diferencia-preteritos-indefinido-imperfecto\" target=\"_blank\" rel=\"noopener\">aqu\u00ed<\/a> para saber m\u00e1s \ud83d\ude09 ]<\/p>\n<p>Como sabemos, con la romanizaci\u00f3n de los pueblos celtas, muchas de estas tradiciones se consideraban paganas y era necesario adaptarlas al cristianismo. Por eso, este d\u00eda se empez\u00f3 a celebrar como el D\u00eda de Todos los Santos (All Hallows&#8217; Eve, de donde naci\u00f3 la palabra Halloween). En M\u00e9xico se le conoce como el <strong>D\u00eda de Muertos<\/strong>.\u00a0<\/p>\n<p>&nbsp;<\/p>\n<h3>Vocabulario del texto<\/h3>\n<p>&nbsp;<\/p>\n<ul>\n<li><strong>Provenir<\/strong>:\u00a0Tener origen en. DE:\u00a0<i><strong>stammen aus<\/strong>. <\/i>EN<i>:<strong> to come from<\/strong>.<br \/>\n<\/i><\/li>\n<li><strong>La cosecha<\/strong>:\u00a0Conjunto de frutos que se recogen de la tierra en la \u00e9poca del a\u00f1o en que est\u00e1n maduros.\u00a0DE:\u00a0<i><strong>die Ernte<\/strong>. <\/i>EN<i>: <strong>the harvest<\/strong>.<br \/>\n<\/i><\/li>\n<li><strong>Vagar<\/strong>:\u00a0Ir de un lugar a otro sin un fin, un motivo ni un destino determinados. DE:\u00a0<strong><i>umherirre<\/i>n<\/strong>. EN: <em><strong>to wander<\/strong><\/em>.<\/li>\n<li><strong>Ahuyentar<\/strong>:\u00a0Hacer huir o marcharse a una persona, animal o cosa. DE:\u00a0<i><strong>vertreiben<\/strong>. <\/i>EN:<i><strong> to frighten away<\/strong>.<br \/>\n<\/i><\/li>\n<li><strong>El farolillo<\/strong>: L\u00e1mpara\u00a0de papel, celof\u00e1n o pl\u00e1stico de colores que se cuelga como adorno en fiestas y verbenas. DE:\u00a0<strong><i>kleine Laterne<\/i><\/strong>. EN: <strong><em>the Chinese lantern<\/em><\/strong>.<\/li>\n<li><strong>El nabo<\/strong>: Tipo de hortaliza. DE:\u00a0<strong><i>die\u00a0Kohlr\u00fcbe<\/i><\/strong>. EN: <em><strong>the turnip<\/strong><\/em>.<\/li>\n<li><strong>El carb\u00f3n<\/strong>:\u00a0Sustancia s\u00f3lida, ligera, negra que se forma con la combusti\u00f3n incompleta de la le\u00f1a. DE:\u00a0<strong><i>die\u00a0Kohle<\/i><\/strong>. EN: <em><strong>the coal<\/strong><\/em>.<\/li>\n<li><strong>Pagano<\/strong>:\u00a0Que adora a dioses que, desde la perspectiva de alguna de las tres religiones monote\u00edstas (cristianismo, juda\u00edsmo e islam), se consideran falsos. DE:\u00a0<strong><i>heidnisch<\/i><\/strong>. EN: <em><strong>pagan<\/strong><\/em>.<\/li>\n<\/ul>\n<p>&nbsp;<\/p>\n<h2>\u00bfPor qu\u00e9 decoramos calabazas el d\u00eda de Halloween?<\/h2>\n<p>&nbsp;<\/p>\n<p><img class=\"aligncenter  wp-image-1565\" src=\"http:\/\/yourspanishwindow.com\/blog\/wp-content\/uploads\/2018\/10\/d\u00eda-de-Halloween.png\" alt=\"dia de Halloween\" width=\"435\" height=\"238\" srcset=\"https:\/\/yourspanishwindow.com\/blog\/wp-content\/uploads\/2018\/10\/d\u00eda-de-Halloween.png 932w, https:\/\/yourspanishwindow.com\/blog\/wp-content\/uploads\/2018\/10\/d\u00eda-de-Halloween-300x164.png 300w, https:\/\/yourspanishwindow.com\/blog\/wp-content\/uploads\/2018\/10\/d\u00eda-de-Halloween-768x420.png 768w, https:\/\/yourspanishwindow.com\/blog\/wp-content\/uploads\/2018\/10\/d\u00eda-de-Halloween-750x410.png 750w\" sizes=\"(max-width: 435px) 100vw, 435px\" \/><\/p>\n<p>&nbsp;<\/p>\n<p>Como ya hemos dicho antes, los pueblos celtas guiaban a sus muertos con farolillos hechos con un nabo. Sin embargo, tallar nabos es muy poco pr\u00e1ctico y, en octubre y noviembre, la calabaza est\u00e1 de temporada por lo que es f\u00e1cil de conseguir (y tambi\u00e9n de tallar \ud83d\ude09 ).\u00a0<\/p>\n<p>\nTambi\u00e9n se dice que se usan calabazas por la leyenda de <strong><em>Jack of the latern<\/em> (Jack el de la linterna)<\/strong>. Esta historia cuenta que un hombre llamado Jack enga\u00f1\u00f3 al Diablo y \u00e9ste le dijo que nunca lo aceptar\u00eda en el infierno. Como hab\u00eda llevado una vida de delincuencia tampoco pod\u00eda entrar en el Cielo. Jack no sab\u00eda ad\u00f3nde ir, adem\u00e1s no sab\u00eda qu\u00e9 camino seguir porque no ve\u00eda nada. El Diablo le dio una brasa de carb\u00f3n ri\u00e9ndose de \u00e9l, as\u00ed que Jack tall\u00f3 un nabo para meter la brasa y tener, de esta manera, una luz para buscar un sitio en el que descansar.<\/p>\n<p>&nbsp;<\/p>\n<h2>Pel\u00edcula de COCO<\/h2>\n<p>&nbsp;<\/p>\n<p>\u00bfHas visto la pel\u00edcula de Coco? En esta tierna pel\u00edcula podemos ver y entender mejor la tradici\u00f3n del D\u00eda de Muertos.<\/p>\n<p>Aqu\u00ed ten\u00e9is un peque\u00f1o resumen de la pel\u00edcula y la bonita canci\u00f3n de La Llorona (mi versi\u00f3n favorita es la de Chavela Vargas).<\/p>\n<p>&nbsp;<\/p>\n<p><iframe width=\"1040\" height=\"585\" src=\"https:\/\/www.youtube.com\/embed\/awzWdtCezDo?feature=oembed\" frameborder=\"0\" allow=\"accelerometer; autoplay; encrypted-media; gyroscope; picture-in-picture\" allowfullscreen><\/iframe><\/p>\n<p><iframe width=\"1040\" height=\"585\" src=\"https:\/\/www.youtube.com\/embed\/gF9u4BJ1GU4?feature=oembed\" frameborder=\"0\" allow=\"accelerometer; autoplay; encrypted-media; gyroscope; picture-in-picture\" allowfullscreen><\/iframe><\/p>\n<p>&nbsp;<\/p>\n<h2>\u00bfTruco o trato? Vocabulario del d\u00eda de Halloween<\/h2>\n<p>&nbsp;<\/p>\n<p><img class=\"aligncenter  wp-image-1587\" src=\"http:\/\/yourspanishwindow.com\/blog\/wp-content\/uploads\/2018\/10\/Truco-o-trato-Halloween-1024x1024.png\" alt=\"d\u00eda de Halloween\" width=\"603\" height=\"603\" srcset=\"https:\/\/yourspanishwindow.com\/blog\/wp-content\/uploads\/2018\/10\/Truco-o-trato-Halloween-1024x1024.png 1024w, https:\/\/yourspanishwindow.com\/blog\/wp-content\/uploads\/2018\/10\/Truco-o-trato-Halloween-150x150.png 150w, https:\/\/yourspanishwindow.com\/blog\/wp-content\/uploads\/2018\/10\/Truco-o-trato-Halloween-300x300.png 300w, https:\/\/yourspanishwindow.com\/blog\/wp-content\/uploads\/2018\/10\/Truco-o-trato-Halloween-768x768.png 768w, https:\/\/yourspanishwindow.com\/blog\/wp-content\/uploads\/2018\/10\/Truco-o-trato-Halloween-750x750.png 750w, https:\/\/yourspanishwindow.com\/blog\/wp-content\/uploads\/2018\/10\/Truco-o-trato-Halloween.png 1080w\" sizes=\"(max-width: 603px) 100vw, 603px\" \/><\/p>\n<p>&nbsp;<\/p>\n<h2>Receta: Tarta de calabaza<\/h2>\n<p>&nbsp;<\/p>\n<p>En esta \u00e9poca del a\u00f1o aprovechamos la calabaza para hacer pur\u00e9s y cremas, tortitas, panes y tartas. Por eso hoy os dejo una receta que a m\u00ed me encanta y que hago varias veces al a\u00f1o \ud83d\ude42 \u00a1Disfr\u00fatala!<\/p>\n<h3>Ingredientes<\/h3>\n<ul>\n<li>Media calabaza\u00a0hokkaido.<\/li>\n<li>Una taza de harina de avena.<\/li>\n<li>Medio yogur griego.<\/li>\n<li>1\/3 de un vaso de leche.<\/li>\n<li>Dos huevos.<\/li>\n<li>Una cucharada de polvo de hornear.<\/li>\n<li>Canela.<\/li>\n<li>Miel o estevia.<\/li>\n<li>Una cucharadita de aceite de coco.<\/li>\n<li>Galletas.<\/li>\n<\/ul>\n<h3>Instrucciones<\/h3>\n<ol>\n<li>Partimos la calabaza en dos, quitamos la semillas y cortamos esa mitad en trozos. Metemos esos trozos en el microondas para que se ablanden.\u00a0<br \/>\n<span style=\"color: #ff0000;\"><strong>**<\/strong> <\/span>No hay que quitar la corteza de la calabaza, se come todo menos el rabo y las semillas.<\/p>\n<p><img class=\"aligncenter  wp-image-1574\" src=\"http:\/\/yourspanishwindow.com\/blog\/wp-content\/uploads\/2018\/10\/Calabaza-tarta-de-calabaza.png\" alt=\"calabaza tarta de calabaza\" width=\"497\" height=\"336\" srcset=\"https:\/\/yourspanishwindow.com\/blog\/wp-content\/uploads\/2018\/10\/Calabaza-tarta-de-calabaza.png 744w, https:\/\/yourspanishwindow.com\/blog\/wp-content\/uploads\/2018\/10\/Calabaza-tarta-de-calabaza-300x203.png 300w\" sizes=\"(max-width: 497px) 100vw, 497px\" \/><\/li>\n<li>En un bol batimos: los dos huevos, medio yogur griego, la canela, la harina de avena, el polvo para hornear y la estevia\/miel.\u00a0<\/li>\n<li>Mientras se va ablandando la calabaza en el microondas, cogemos las galletas, las metemos en una bolsa y las machacamos para tener una masa de galletas.\u00a0<br \/>\n<img class=\"aligncenter  wp-image-1576\" src=\"http:\/\/yourspanishwindow.com\/blog\/wp-content\/uploads\/2018\/10\/Galletas-tarta-de-calabaza.png\" alt=\"galletas tarta de calabaza\" width=\"487\" height=\"324\" srcset=\"https:\/\/yourspanishwindow.com\/blog\/wp-content\/uploads\/2018\/10\/Galletas-tarta-de-calabaza.png 790w, https:\/\/yourspanishwindow.com\/blog\/wp-content\/uploads\/2018\/10\/Galletas-tarta-de-calabaza-300x199.png 300w, https:\/\/yourspanishwindow.com\/blog\/wp-content\/uploads\/2018\/10\/Galletas-tarta-de-calabaza-768x510.png 768w, https:\/\/yourspanishwindow.com\/blog\/wp-content\/uploads\/2018\/10\/Galletas-tarta-de-calabaza-750x498.png 750w\" sizes=\"(max-width: 487px) 100vw, 487px\" \/><\/li>\n<li>Cogemos un recipiente de silicona, echamos un poquito de aceite de coco en el fondo y los bordes y echamos las galletas machacadas.<\/li>\n<li>Sacamos la calabaza del microondas y la pasamos por la batidora para hacer un pur\u00e9 de calabaza.\u00a0<br \/>\n<img class=\"aligncenter  wp-image-1580\" src=\"http:\/\/yourspanishwindow.com\/blog\/wp-content\/uploads\/2018\/10\/Pur\u00e9-tarta-de-calabaza.png\" alt=\"Pur\u00e9 tarta de calabaza\" width=\"497\" height=\"341\" srcset=\"https:\/\/yourspanishwindow.com\/blog\/wp-content\/uploads\/2018\/10\/Pur\u00e9-tarta-de-calabaza.png 798w, https:\/\/yourspanishwindow.com\/blog\/wp-content\/uploads\/2018\/10\/Pur\u00e9-tarta-de-calabaza-300x206.png 300w, https:\/\/yourspanishwindow.com\/blog\/wp-content\/uploads\/2018\/10\/Pur\u00e9-tarta-de-calabaza-768x527.png 768w, https:\/\/yourspanishwindow.com\/blog\/wp-content\/uploads\/2018\/10\/Pur\u00e9-tarta-de-calabaza-750x515.png 750w\" sizes=\"(max-width: 497px) 100vw, 497px\" \/><\/li>\n<li>Por \u00faltimo mezclamos y batimos el pur\u00e9 de calabaza junto a los ingredientes del bol (los dos huevos, medio yogur griego, la canela, la harina de avena, el polvo para hornear y la estevia\/miel).<\/li>\n<li>Echamos la mezcla en el recipiente de silicona y lo metemos al horno entre 30 y 40 minutos, todo depende de la potencia del horno. Es importante que us\u00e9is un palillo largo para meterlo en la mezcla. Si el palillo sale muy sucio es porque la mezcla tiene que estar un poquito m\u00e1s en el horno. \u00a1Que aproveche! \ud83d\ude42\u00a0\n<p><img class=\"aligncenter  wp-image-1585\" src=\"http:\/\/yourspanishwindow.com\/blog\/wp-content\/uploads\/2018\/10\/trozo-tarta-de-calabaza.png\" alt=\"trozo tarta de calabaza\" width=\"458\" height=\"306\" srcset=\"https:\/\/yourspanishwindow.com\/blog\/wp-content\/uploads\/2018\/10\/trozo-tarta-de-calabaza.png 908w, https:\/\/yourspanishwindow.com\/blog\/wp-content\/uploads\/2018\/10\/trozo-tarta-de-calabaza-300x201.png 300w, https:\/\/yourspanishwindow.com\/blog\/wp-content\/uploads\/2018\/10\/trozo-tarta-de-calabaza-768x513.png 768w, https:\/\/yourspanishwindow.com\/blog\/wp-content\/uploads\/2018\/10\/trozo-tarta-de-calabaza-750x501.png 750w\" sizes=\"(max-width: 458px) 100vw, 458px\" \/><\/li>\n<\/ol>\n<p>&nbsp;<\/p>\n<h3>\u00bfConoc\u00edas el origen del d\u00eda de Halloween? \u00bfTe disfrazas en Halloween? \u00bfQu\u00e9 recetas haces t\u00fa en esta \u00e9poca del a\u00f1o?<\/h3>\n<h3>\u00a1Cu\u00e9ntamelo todo en los comentarios!<\/h3>\n<p>&nbsp;<\/p>\n<p><img class=\"aligncenter  wp-image-1589\" src=\"http:\/\/yourspanishwindow.com\/blog\/wp-content\/uploads\/2018\/10\/\u00a1FELIZ-HALLOWEEN.png\" alt=\"dia de halloween Spanischunterricht\" width=\"548\" height=\"459\" srcset=\"https:\/\/yourspanishwindow.com\/blog\/wp-content\/uploads\/2018\/10\/\u00a1FELIZ-HALLOWEEN.png 940w, https:\/\/yourspanishwindow.com\/blog\/wp-content\/uploads\/2018\/10\/\u00a1FELIZ-HALLOWEEN-300x251.png 300w, https:\/\/yourspanishwindow.com\/blog\/wp-content\/uploads\/2018\/10\/\u00a1FELIZ-HALLOWEEN-768x644.png 768w, https:\/\/yourspanishwindow.com\/blog\/wp-content\/uploads\/2018\/10\/\u00a1FELIZ-HALLOWEEN-750x629.png 750w\" sizes=\"(max-width: 548px) 100vw, 548px\" \/><\/p>\n<p>&nbsp;<\/p>\n<p>Si quer\u00e9is\u00a0<strong>aprender espa\u00f1ol<\/strong>\u00a0y a\u00fan no sab\u00e9is d\u00f3nde o c\u00f3mo, recordad que en Your Spanish Window pod\u00e9is aprender espa\u00f1ol de forma amena y eficaz. Ve a\u00a0<a href=\"http:\/\/www.yourspanishwindow.com\/\" target=\"_blank\" rel=\"noopener\">www.yourspanishwindow.com<\/a>\u00a0o escr\u00edbeme a\u00a0<a href=\"mailto:info@yourspanishwindow.com\" target=\"_blank\" rel=\"noopener\">info@yourspanishwindow.com<\/a>\u00a0si tienes alguna pregunta. Recuerda que la primera clase,\u00a0<strong>la clase de prueba<\/strong>, es\u00a0<strong>gratis<\/strong>\u00a0?<\/p>\n<p><em>Wenn ihr eure Spanischkenntnisse verbessern wollt, geht zu\u00a0<a href=\"http:\/\/www.yourspanishwindow.com\/\" target=\"_blank\" rel=\"noopener\">www.yourspanishwindow.com<\/a>. Da biete ich\u00a0<strong>Spanischunterricht online<\/strong>\u00a0an\u00a0?\u00a0\u00a0Bei Your Spanish Window\u00a0k\u00f6nnt ihr in einer interaktiven, visuellen und pers\u00f6nlichen Atmosph\u00e4re in den Bereichen Grammatik, Konversation und Schreiben Spanisch lernen. Und ihr m\u00fcsst nicht einmal das Haus oder B\u00fcro verlassen.\u00a0<span class=\"_5mfr _47e3\"><img class=\"img\" role=\"presentation\" src=\"https:\/\/static.xx.fbcdn.net\/images\/emoji.php\/v9\/ff6\/1\/16\/1f3e0.png\" alt=\"\" width=\"16\" height=\"16\" \/><span class=\"_7oe\">?<\/span><\/span>Alles ist online!<span class=\"_5mfr _47e3\"><img class=\"img\" role=\"presentation\" src=\"https:\/\/static.xx.fbcdn.net\/images\/emoji.php\/v9\/f8c\/1\/16\/1f4bb.png\" alt=\"\" width=\"16\" height=\"16\" \/><span class=\"_7oe\">?\u00a0<\/span><\/span><\/em><\/p>\n<p><em>If you want to\u00a0<strong>learn Spanish<\/strong>\u00a0and you do not know where and how, do not forget that in\u00a0<a href=\"http:\/\/www.yourspanishwindow.com\/\" target=\"_blank\" rel=\"noopener\">www.yourspanishwindow.com<\/a>\u00a0you can learn Spanish in a dynamic way and without leaving your home or office\u00a0<span class=\"_5mfr _47e3\"><img class=\"img\" role=\"presentation\" src=\"https:\/\/static.xx.fbcdn.net\/images\/emoji.php\/v9\/ff6\/1\/16\/1f3e0.png\" alt=\"\" width=\"16\" height=\"16\" \/><span class=\"_7oe\">?<\/span><\/span>Try the\u00a0<strong>free trial class<\/strong>\u00a0and start learning the second most spoken language in the world.<\/em><\/p>\n<p>&nbsp;<\/p>\n<p>Si te ha gustado este art\u00edculo, tambi\u00e9n te pueden interesar:<\/p>\n<ul>\n<li><a href=\"http:\/\/yourspanishwindow.com\/blog\/sabes-cual-historia-rapto-europa-mitologia\" target=\"_blank\" rel=\"noopener\">\u00bfSabes cu\u00e1l es la historia del rapto de Europa?<\/a>\n<p><img class=\"wp-image-1204 alignleft\" src=\"http:\/\/yourspanishwindow.com\/blog\/wp-content\/uploads\/2018\/05\/sabes-cual-historia-rapto-europa-mitologia.jpg\" alt=\"sabes-cual-historia-rapto-europa-mitologia\" width=\"202\" height=\"170\" srcset=\"https:\/\/yourspanishwindow.com\/blog\/wp-content\/uploads\/2018\/05\/sabes-cual-historia-rapto-europa-mitologia.jpg 940w, https:\/\/yourspanishwindow.com\/blog\/wp-content\/uploads\/2018\/05\/sabes-cual-historia-rapto-europa-mitologia-300x251.jpg 300w, https:\/\/yourspanishwindow.com\/blog\/wp-content\/uploads\/2018\/05\/sabes-cual-historia-rapto-europa-mitologia-768x644.jpg 768w, https:\/\/yourspanishwindow.com\/blog\/wp-content\/uploads\/2018\/05\/sabes-cual-historia-rapto-europa-mitologia-750x629.jpg 750w\" sizes=\"(max-width: 202px) 100vw, 202px\" \/><\/p>\n<p><strong>Europa era una princesa fenicia<\/strong>, pero no era como las dem\u00e1s, era una princesa diferente. A esta princesa le gustaba quedar con sus amigas para dar largos paseos, ir al campo, al mar,\u2026 Eso de estar en palacio cumpliendo obligaciones de alguien de la realeza no era lo suyo. <a href=\"http:\/\/yourspanishwindow.com\/blog\/sabes-cual-historia-rapto-europa-mitologia\" target=\"_blank\" rel=\"noopener\">[Seguir leyendo]<\/a><\/p>\n<\/li>\n<\/ul>\n<p>&nbsp;<\/p>\n<ul>\n<li><a href=\"https:\/\/yourspanishwindow.com\/blog\/sabes-cual-origen-palabra-maraton\" target=\"_blank\" rel=\"noopener\">\u00bfSabes cu\u00e1l es el origen de la palabra \u00abmarat\u00f3n\u00bb?<\/a>\n<p><img class=\"wp-image-365 alignleft\" src=\"http:\/\/yourspanishwindow.com\/blog\/wp-content\/uploads\/2018\/01\/marat\u00f3n-aprender-espa\u00f1ol-online.jpg\" alt=\"marat\u00f3n-aprender-espa\u00f1ol-online\" width=\"215\" height=\"143\" srcset=\"https:\/\/yourspanishwindow.com\/blog\/wp-content\/uploads\/2018\/01\/marat\u00f3n-aprender-espa\u00f1ol-online.jpg 900w, https:\/\/yourspanishwindow.com\/blog\/wp-content\/uploads\/2018\/01\/marat\u00f3n-aprender-espa\u00f1ol-online-300x199.jpg 300w, https:\/\/yourspanishwindow.com\/blog\/wp-content\/uploads\/2018\/01\/marat\u00f3n-aprender-espa\u00f1ol-online-768x510.jpg 768w, https:\/\/yourspanishwindow.com\/blog\/wp-content\/uploads\/2018\/01\/marat\u00f3n-aprender-espa\u00f1ol-online-750x498.jpg 750w\" sizes=\"(max-width: 215px) 100vw, 215px\" \/><br \/>\nSeguro que has o\u00eddo muchas veces las palabras \u201c<strong>marat\u00f3n<\/strong>\u201d y \u201c<strong>correr una marat\u00f3n<\/strong>\u201c. Seguro que tambi\u00e9n sabes que, una marat\u00f3n, es una carrera de larga distancia. La cantidad exacta es de\u00a0<strong>42 km y 195 metros<\/strong>, pero \u00bfpor qu\u00e9 esa cifra? Bien, os voy a explicar\u00a0<strong>el origen de la palabra marat\u00f3n<\/strong>. <a href=\"https:\/\/yourspanishwindow.com\/blog\/sabes-cual-origen-palabra-maraton\" target=\"_blank\" rel=\"noopener\">[Seguir leyendo]<\/a>.<\/li>\n<\/ul>\n","protected":false},"excerpt":{"rendered":"<p>5\/5 &#8211; (8 votos) Bienvenido a Your Spanish Window, querido lector. Hoy vamos a escuchar las canciones de \u00abEsto es Halloween\u00bb de la pel\u00edcula de \u00abPesadilla antes de Navidad\u00bb y&hellip;<a href=\"https:\/\/yourspanishwindow.com\/blog\/truco-trato-aprende-espanol-dia-de-halloween\" class=\"more-link\">Contin\u00faa leyendo <span class=\"screen-reader-text\">\u00bfTruco o trato? Aprende espa\u00f1ol el d\u00eda de Halloween<\/span><\/a><\/p>\n","protected":false},"author":2,"featured_media":1593,"comment_status":"open","ping_status":"open","sticky":false,"template":"","format":"standard","meta":{"spay_email":""},"categories":[1],"tags":[32,26,35,30,38],"yoast_head":"<!-- This site is optimized with the Yoast SEO plugin v18.1 - https:\/\/yoast.com\/wordpress\/plugins\/seo\/ -->\n<title>\u00bfTruco o trato? Aprende espa\u00f1ol el d\u00eda de Halloween<\/title>\n<meta name=\"description\" content=\"Aprende espa\u00f1ol en el d\u00eda de Halloween. Canciones: Esto es Halloween y La llorona. El origen del d\u00eda de Halloween. \u00bfPor qu\u00e9 decoramos calabazas en Halloween? \u00bfTruco o traco? Receta de la tarta de calabaza.\" \/>\n<meta name=\"robots\" content=\"index, follow, max-snippet:-1, max-image-preview:large, max-video-preview:-1\" \/>\n<link rel=\"canonical\" href=\"https:\/\/yourspanishwindow.com\/blog\/truco-trato-aprende-espanol-dia-de-halloween\" \/>\n<meta property=\"og:locale\" content=\"es_ES\" \/>\n<meta property=\"og:type\" content=\"article\" \/>\n<meta property=\"og:title\" content=\"\u00bfTruco o trato? Aprende espa\u00f1ol el d\u00eda de Halloween\" \/>\n<meta property=\"og:description\" content=\"Aprende espa\u00f1ol en el d\u00eda de Halloween. Canciones: Esto es Halloween y La llorona. El origen del d\u00eda de Halloween. \u00bfPor qu\u00e9 decoramos calabazas en Halloween? \u00bfTruco o traco? Receta de la tarta de calabaza.\" \/>\n<meta property=\"og:url\" content=\"https:\/\/yourspanishwindow.com\/blog\/truco-trato-aprende-espanol-dia-de-halloween\" \/>\n<meta property=\"og:site_name\" content=\"BLOG Your Spanish Window\" \/>\n<meta property=\"article:publisher\" content=\"https:\/\/www.facebook.com\/yourspanishwindow\/\" \/>\n<meta property=\"article:published_time\" content=\"2018-10-29T15:44:02+00:00\" \/>\n<meta property=\"article:modified_time\" content=\"2018-10-30T21:55:52+00:00\" \/>\n<meta property=\"og:image\" content=\"https:\/\/yourspanishwindow.com\/blog\/wp-content\/uploads\/2018\/10\/truco-trato-aprende-espanol-dia-de-halloween.png\" \/>\n\t<meta property=\"og:image:width\" content=\"940\" \/>\n\t<meta property=\"og:image:height\" content=\"788\" \/>\n\t<meta property=\"og:image:type\" content=\"image\/png\" \/>\n<meta name=\"twitter:card\" content=\"summary_large_image\" \/>\n<meta name=\"twitter:label1\" content=\"Escrito por\" \/>\n\t<meta name=\"twitter:data1\" content=\"Mar\u00eda Mart\u00edn Sierra\" \/>\n\t<meta name=\"twitter:label2\" content=\"Tiempo de lectura\" \/>\n\t<meta name=\"twitter:data2\" content=\"9 minutos\" \/>\n<script type=\"application\/ld+json\" class=\"yoast-schema-graph\">{\"@context\":\"https:\/\/schema.org\",\"@graph\":[{\"@type\":\"Organization\",\"@id\":\"https:\/\/yourspanishwindow.com\/blog\/#organization\",\"name\":\"Your Spanish Window\",\"url\":\"https:\/\/yourspanishwindow.com\/blog\/\",\"sameAs\":[\"https:\/\/www.facebook.com\/yourspanishwindow\/\",\"https:\/\/www.youtube.com\/channel\/UCVw_pbvKeGQIfqSDENu3XlQ\"],\"logo\":{\"@type\":\"ImageObject\",\"@id\":\"https:\/\/yourspanishwindow.com\/blog\/#logo\",\"inLanguage\":\"es\",\"url\":\"https:\/\/yourspanishwindow.com\/blog\/wp-content\/uploads\/2017\/12\/logo-blue.png\",\"contentUrl\":\"https:\/\/yourspanishwindow.com\/blog\/wp-content\/uploads\/2017\/12\/logo-blue.png\",\"width\":606,\"height\":228,\"caption\":\"Your Spanish Window\"},\"image\":{\"@id\":\"https:\/\/yourspanishwindow.com\/blog\/#logo\"}},{\"@type\":\"WebSite\",\"@id\":\"https:\/\/yourspanishwindow.com\/blog\/#website\",\"url\":\"https:\/\/yourspanishwindow.com\/blog\/\",\"name\":\"BLOG Your Spanish Window\",\"description\":\"\",\"publisher\":{\"@id\":\"https:\/\/yourspanishwindow.com\/blog\/#organization\"},\"potentialAction\":[{\"@type\":\"SearchAction\",\"target\":{\"@type\":\"EntryPoint\",\"urlTemplate\":\"https:\/\/yourspanishwindow.com\/blog\/?s={search_term_string}\"},\"query-input\":\"required name=search_term_string\"}],\"inLanguage\":\"es\"},{\"@type\":\"ImageObject\",\"@id\":\"https:\/\/yourspanishwindow.com\/blog\/truco-trato-aprende-espanol-dia-de-halloween#primaryimage\",\"inLanguage\":\"es\",\"url\":\"https:\/\/yourspanishwindow.com\/blog\/wp-content\/uploads\/2018\/10\/truco-trato-aprende-espanol-dia-de-halloween.png\",\"contentUrl\":\"https:\/\/yourspanishwindow.com\/blog\/wp-content\/uploads\/2018\/10\/truco-trato-aprende-espanol-dia-de-halloween.png\",\"width\":940,\"height\":788,\"caption\":\"truco trato aprende espanol dia de halloween\"},{\"@type\":\"WebPage\",\"@id\":\"https:\/\/yourspanishwindow.com\/blog\/truco-trato-aprende-espanol-dia-de-halloween#webpage\",\"url\":\"https:\/\/yourspanishwindow.com\/blog\/truco-trato-aprende-espanol-dia-de-halloween\",\"name\":\"\u00bfTruco o trato? Aprende espa\u00f1ol el d\u00eda de Halloween\",\"isPartOf\":{\"@id\":\"https:\/\/yourspanishwindow.com\/blog\/#website\"},\"primaryImageOfPage\":{\"@id\":\"https:\/\/yourspanishwindow.com\/blog\/truco-trato-aprende-espanol-dia-de-halloween#primaryimage\"},\"datePublished\":\"2018-10-29T15:44:02+00:00\",\"dateModified\":\"2018-10-30T21:55:52+00:00\",\"description\":\"Aprende espa\u00f1ol en el d\u00eda de Halloween. Canciones: Esto es Halloween y La llorona. El origen del d\u00eda de Halloween. \u00bfPor qu\u00e9 decoramos calabazas en Halloween? \u00bfTruco o traco? Receta de la tarta de calabaza.\",\"breadcrumb\":{\"@id\":\"https:\/\/yourspanishwindow.com\/blog\/truco-trato-aprende-espanol-dia-de-halloween#breadcrumb\"},\"inLanguage\":\"es\",\"potentialAction\":[{\"@type\":\"ReadAction\",\"target\":[\"https:\/\/yourspanishwindow.com\/blog\/truco-trato-aprende-espanol-dia-de-halloween\"]}]},{\"@type\":\"BreadcrumbList\",\"@id\":\"https:\/\/yourspanishwindow.com\/blog\/truco-trato-aprende-espanol-dia-de-halloween#breadcrumb\",\"itemListElement\":[{\"@type\":\"ListItem\",\"position\":1,\"name\":\"Portada\",\"item\":\"https:\/\/yourspanishwindow.com\/blog\"},{\"@type\":\"ListItem\",\"position\":2,\"name\":\"\u00bfTruco o trato? Aprende espa\u00f1ol el d\u00eda de Halloween\"}]},{\"@type\":\"Article\",\"@id\":\"https:\/\/yourspanishwindow.com\/blog\/truco-trato-aprende-espanol-dia-de-halloween#article\",\"isPartOf\":{\"@id\":\"https:\/\/yourspanishwindow.com\/blog\/truco-trato-aprende-espanol-dia-de-halloween#webpage\"},\"author\":{\"@id\":\"https:\/\/yourspanishwindow.com\/blog\/#\/schema\/person\/9ea85f2d12b378d569af604ec2857e30\"},\"headline\":\"\u00bfTruco o trato? Aprende espa\u00f1ol el d\u00eda de Halloween\",\"datePublished\":\"2018-10-29T15:44:02+00:00\",\"dateModified\":\"2018-10-30T21:55:52+00:00\",\"mainEntityOfPage\":{\"@id\":\"https:\/\/yourspanishwindow.com\/blog\/truco-trato-aprende-espanol-dia-de-halloween#webpage\"},\"wordCount\":1804,\"commentCount\":0,\"publisher\":{\"@id\":\"https:\/\/yourspanishwindow.com\/blog\/#organization\"},\"image\":{\"@id\":\"https:\/\/yourspanishwindow.com\/blog\/truco-trato-aprende-espanol-dia-de-halloween#primaryimage\"},\"thumbnailUrl\":\"https:\/\/yourspanishwindow.com\/blog\/wp-content\/uploads\/2018\/10\/truco-trato-aprende-espanol-dia-de-halloween.png\",\"keywords\":[\"historia\",\"nivel intermedio\",\"pret\u00e9rito imperfecto\",\"pret\u00e9rito indefinido\",\"vocabulario\"],\"articleSection\":[\"Todo\"],\"inLanguage\":\"es\",\"potentialAction\":[{\"@type\":\"CommentAction\",\"name\":\"Comment\",\"target\":[\"https:\/\/yourspanishwindow.com\/blog\/truco-trato-aprende-espanol-dia-de-halloween#respond\"]}]},{\"@type\":\"Person\",\"@id\":\"https:\/\/yourspanishwindow.com\/blog\/#\/schema\/person\/9ea85f2d12b378d569af604ec2857e30\",\"name\":\"Mar\u00eda Mart\u00edn Sierra\",\"image\":{\"@type\":\"ImageObject\",\"@id\":\"https:\/\/yourspanishwindow.com\/blog\/#personlogo\",\"inLanguage\":\"es\",\"url\":\"https:\/\/secure.gravatar.com\/avatar\/a80c8dbc48b87d9c47488219c4c4fea0?s=96&d=mm&r=g\",\"contentUrl\":\"https:\/\/secure.gravatar.com\/avatar\/a80c8dbc48b87d9c47488219c4c4fea0?s=96&d=mm&r=g\",\"caption\":\"Mar\u00eda Mart\u00edn Sierra\"}}]}<\/script>\n<!-- \/ Yoast SEO plugin. -->","yoast_head_json":{"title":"\u00bfTruco o trato? Aprende espa\u00f1ol el d\u00eda de Halloween","description":"Aprende espa\u00f1ol en el d\u00eda de Halloween. Canciones: Esto es Halloween y La llorona. El origen del d\u00eda de Halloween. \u00bfPor qu\u00e9 decoramos calabazas en Halloween? \u00bfTruco o traco? Receta de la tarta de calabaza.","robots":{"index":"index","follow":"follow","max-snippet":"max-snippet:-1","max-image-preview":"max-image-preview:large","max-video-preview":"max-video-preview:-1"},"canonical":"https:\/\/yourspanishwindow.com\/blog\/truco-trato-aprende-espanol-dia-de-halloween","og_locale":"es_ES","og_type":"article","og_title":"\u00bfTruco o trato? Aprende espa\u00f1ol el d\u00eda de Halloween","og_description":"Aprende espa\u00f1ol en el d\u00eda de Halloween. Canciones: Esto es Halloween y La llorona. El origen del d\u00eda de Halloween. \u00bfPor qu\u00e9 decoramos calabazas en Halloween? \u00bfTruco o traco? Receta de la tarta de calabaza.","og_url":"https:\/\/yourspanishwindow.com\/blog\/truco-trato-aprende-espanol-dia-de-halloween","og_site_name":"BLOG Your Spanish Window","article_publisher":"https:\/\/www.facebook.com\/yourspanishwindow\/","article_published_time":"2018-10-29T15:44:02+00:00","article_modified_time":"2018-10-30T21:55:52+00:00","og_image":[{"width":940,"height":788,"url":"https:\/\/yourspanishwindow.com\/blog\/wp-content\/uploads\/2018\/10\/truco-trato-aprende-espanol-dia-de-halloween.png","type":"image\/png"}],"twitter_card":"summary_large_image","twitter_misc":{"Escrito por":"Mar\u00eda Mart\u00edn Sierra","Tiempo de lectura":"9 minutos"},"schema":{"@context":"https:\/\/schema.org","@graph":[{"@type":"Organization","@id":"https:\/\/yourspanishwindow.com\/blog\/#organization","name":"Your Spanish Window","url":"https:\/\/yourspanishwindow.com\/blog\/","sameAs":["https:\/\/www.facebook.com\/yourspanishwindow\/","https:\/\/www.youtube.com\/channel\/UCVw_pbvKeGQIfqSDENu3XlQ"],"logo":{"@type":"ImageObject","@id":"https:\/\/yourspanishwindow.com\/blog\/#logo","inLanguage":"es","url":"https:\/\/yourspanishwindow.com\/blog\/wp-content\/uploads\/2017\/12\/logo-blue.png","contentUrl":"https:\/\/yourspanishwindow.com\/blog\/wp-content\/uploads\/2017\/12\/logo-blue.png","width":606,"height":228,"caption":"Your Spanish Window"},"image":{"@id":"https:\/\/yourspanishwindow.com\/blog\/#logo"}},{"@type":"WebSite","@id":"https:\/\/yourspanishwindow.com\/blog\/#website","url":"https:\/\/yourspanishwindow.com\/blog\/","name":"BLOG Your Spanish Window","description":"","publisher":{"@id":"https:\/\/yourspanishwindow.com\/blog\/#organization"},"potentialAction":[{"@type":"SearchAction","target":{"@type":"EntryPoint","urlTemplate":"https:\/\/yourspanishwindow.com\/blog\/?s={search_term_string}"},"query-input":"required name=search_term_string"}],"inLanguage":"es"},{"@type":"ImageObject","@id":"https:\/\/yourspanishwindow.com\/blog\/truco-trato-aprende-espanol-dia-de-halloween#primaryimage","inLanguage":"es","url":"https:\/\/yourspanishwindow.com\/blog\/wp-content\/uploads\/2018\/10\/truco-trato-aprende-espanol-dia-de-halloween.png","contentUrl":"https:\/\/yourspanishwindow.com\/blog\/wp-content\/uploads\/2018\/10\/truco-trato-aprende-espanol-dia-de-halloween.png","width":940,"height":788,"caption":"truco trato aprende espanol dia de halloween"},{"@type":"WebPage","@id":"https:\/\/yourspanishwindow.com\/blog\/truco-trato-aprende-espanol-dia-de-halloween#webpage","url":"https:\/\/yourspanishwindow.com\/blog\/truco-trato-aprende-espanol-dia-de-halloween","name":"\u00bfTruco o trato? Aprende espa\u00f1ol el d\u00eda de Halloween","isPartOf":{"@id":"https:\/\/yourspanishwindow.com\/blog\/#website"},"primaryImageOfPage":{"@id":"https:\/\/yourspanishwindow.com\/blog\/truco-trato-aprende-espanol-dia-de-halloween#primaryimage"},"datePublished":"2018-10-29T15:44:02+00:00","dateModified":"2018-10-30T21:55:52+00:00","description":"Aprende espa\u00f1ol en el d\u00eda de Halloween. Canciones: Esto es Halloween y La llorona. El origen del d\u00eda de Halloween. \u00bfPor qu\u00e9 decoramos calabazas en Halloween? \u00bfTruco o traco? Receta de la tarta de calabaza.","breadcrumb":{"@id":"https:\/\/yourspanishwindow.com\/blog\/truco-trato-aprende-espanol-dia-de-halloween#breadcrumb"},"inLanguage":"es","potentialAction":[{"@type":"ReadAction","target":["https:\/\/yourspanishwindow.com\/blog\/truco-trato-aprende-espanol-dia-de-halloween"]}]},{"@type":"BreadcrumbList","@id":"https:\/\/yourspanishwindow.com\/blog\/truco-trato-aprende-espanol-dia-de-halloween#breadcrumb","itemListElement":[{"@type":"ListItem","position":1,"name":"Portada","item":"https:\/\/yourspanishwindow.com\/blog"},{"@type":"ListItem","position":2,"name":"\u00bfTruco o trato? Aprende espa\u00f1ol el d\u00eda de Halloween"}]},{"@type":"Article","@id":"https:\/\/yourspanishwindow.com\/blog\/truco-trato-aprende-espanol-dia-de-halloween#article","isPartOf":{"@id":"https:\/\/yourspanishwindow.com\/blog\/truco-trato-aprende-espanol-dia-de-halloween#webpage"},"author":{"@id":"https:\/\/yourspanishwindow.com\/blog\/#\/schema\/person\/9ea85f2d12b378d569af604ec2857e30"},"headline":"\u00bfTruco o trato? Aprende espa\u00f1ol el d\u00eda de Halloween","datePublished":"2018-10-29T15:44:02+00:00","dateModified":"2018-10-30T21:55:52+00:00","mainEntityOfPage":{"@id":"https:\/\/yourspanishwindow.com\/blog\/truco-trato-aprende-espanol-dia-de-halloween#webpage"},"wordCount":1804,"commentCount":0,"publisher":{"@id":"https:\/\/yourspanishwindow.com\/blog\/#organization"},"image":{"@id":"https:\/\/yourspanishwindow.com\/blog\/truco-trato-aprende-espanol-dia-de-halloween#primaryimage"},"thumbnailUrl":"https:\/\/yourspanishwindow.com\/blog\/wp-content\/uploads\/2018\/10\/truco-trato-aprende-espanol-dia-de-halloween.png","keywords":["historia","nivel intermedio","pret\u00e9rito imperfecto","pret\u00e9rito indefinido","vocabulario"],"articleSection":["Todo"],"inLanguage":"es","potentialAction":[{"@type":"CommentAction","name":"Comment","target":["https:\/\/yourspanishwindow.com\/blog\/truco-trato-aprende-espanol-dia-de-halloween#respond"]}]},{"@type":"Person","@id":"https:\/\/yourspanishwindow.com\/blog\/#\/schema\/person\/9ea85f2d12b378d569af604ec2857e30","name":"Mar\u00eda Mart\u00edn Sierra","image":{"@type":"ImageObject","@id":"https:\/\/yourspanishwindow.com\/blog\/#personlogo","inLanguage":"es","url":"https:\/\/secure.gravatar.com\/avatar\/a80c8dbc48b87d9c47488219c4c4fea0?s=96&d=mm&r=g","contentUrl":"https:\/\/secure.gravatar.com\/avatar\/a80c8dbc48b87d9c47488219c4c4fea0?s=96&d=mm&r=g","caption":"Mar\u00eda Mart\u00edn Sierra"}}]}},"jetpack_featured_media_url":"https:\/\/yourspanishwindow.com\/blog\/wp-content\/uploads\/2018\/10\/truco-trato-aprende-espanol-dia-de-halloween.png","_links":{"self":[{"href":"https:\/\/yourspanishwindow.com\/blog\/wp-json\/wp\/v2\/posts\/1551"}],"collection":[{"href":"https:\/\/yourspanishwindow.com\/blog\/wp-json\/wp\/v2\/posts"}],"about":[{"href":"https:\/\/yourspanishwindow.com\/blog\/wp-json\/wp\/v2\/types\/post"}],"author":[{"embeddable":true,"href":"https:\/\/yourspanishwindow.com\/blog\/wp-json\/wp\/v2\/users\/2"}],"replies":[{"embeddable":true,"href":"https:\/\/yourspanishwindow.com\/blog\/wp-json\/wp\/v2\/comments?post=1551"}],"version-history":[{"count":41,"href":"https:\/\/yourspanishwindow.com\/blog\/wp-json\/wp\/v2\/posts\/1551\/revisions"}],"predecessor-version":[{"id":1602,"href":"https:\/\/yourspanishwindow.com\/blog\/wp-json\/wp\/v2\/posts\/1551\/revisions\/1602"}],"wp:featuredmedia":[{"embeddable":true,"href":"https:\/\/yourspanishwindow.com\/blog\/wp-json\/wp\/v2\/media\/1593"}],"wp:attachment":[{"href":"https:\/\/yourspanishwindow.com\/blog\/wp-json\/wp\/v2\/media?parent=1551"}],"wp:term":[{"taxonomy":"category","embeddable":true,"href":"https:\/\/yourspanishwindow.com\/blog\/wp-json\/wp\/v2\/categories?post=1551"},{"taxonomy":"post_tag","embeddable":true,"href":"https:\/\/yourspanishwindow.com\/blog\/wp-json\/wp\/v2\/tags?post=1551"}],"curies":[{"name":"wp","href":"https:\/\/api.w.org\/{rel}","templated":true}]}}