{"id":1156,"date":"2018-04-27T09:05:14","date_gmt":"2018-04-27T09:05:14","guid":{"rendered":"http:\/\/yourspanishwindow.com\/blog\/?p=1156"},"modified":"2021-01-21T10:26:53","modified_gmt":"2021-01-21T10:26:53","slug":"cuando-usar-preterito-perfecto-indicativo-espanol-das-perfekt","status":"publish","type":"post","link":"https:\/\/yourspanishwindow.com\/blog\/cuando-usar-preterito-perfecto-indicativo-espanol-das-perfekt","title":{"rendered":"Cu\u00e1ndo usar el pret\u00e9rito perfecto de indicativo en espa\u00f1ol (Das Perfekt)"},"content":{"rendered":"\n<div class=\"kk-star-ratings\n     kksr-valign-top     kksr-align-left    \"\n    data-payload=\"{&quot;align&quot;:&quot;left&quot;,&quot;id&quot;:&quot;1156&quot;,&quot;slug&quot;:&quot;default&quot;,&quot;valign&quot;:&quot;top&quot;,&quot;reference&quot;:&quot;auto&quot;,&quot;count&quot;:&quot;4&quot;,&quot;readonly&quot;:&quot;&quot;,&quot;score&quot;:&quot;5&quot;,&quot;best&quot;:&quot;5&quot;,&quot;gap&quot;:&quot;0&quot;,&quot;greet&quot;:&quot;&quot;,&quot;legend&quot;:&quot;5\\\/5 - (4 votos)&quot;,&quot;size&quot;:&quot;0&quot;,&quot;width&quot;:&quot;0&quot;,&quot;_legend&quot;:&quot;{score}\\\/{best} - ({count} {votes})&quot;}\">\n    \n<div class=\"kksr-stars\">\n    \n<div class=\"kksr-stars-inactive\">\n            <div class=\"kksr-star\" data-star=\"1\" style=\"padding-right: 0px\">\n            \n\n<div class=\"kksr-icon\" style=\"width: 0px; height: 0px;\"><\/div>\n        <\/div>\n            <div class=\"kksr-star\" data-star=\"2\" style=\"padding-right: 0px\">\n            \n\n<div class=\"kksr-icon\" style=\"width: 0px; height: 0px;\"><\/div>\n        <\/div>\n            <div class=\"kksr-star\" data-star=\"3\" style=\"padding-right: 0px\">\n            \n\n<div class=\"kksr-icon\" style=\"width: 0px; height: 0px;\"><\/div>\n        <\/div>\n            <div class=\"kksr-star\" data-star=\"4\" style=\"padding-right: 0px\">\n            \n\n<div class=\"kksr-icon\" style=\"width: 0px; height: 0px;\"><\/div>\n        <\/div>\n            <div class=\"kksr-star\" data-star=\"5\" style=\"padding-right: 0px\">\n            \n\n<div class=\"kksr-icon\" style=\"width: 0px; height: 0px;\"><\/div>\n        <\/div>\n    <\/div>\n    \n<div class=\"kksr-stars-active\" style=\"width: 0px;\">\n            <div class=\"kksr-star\" style=\"padding-right: 0px\">\n            \n\n<div class=\"kksr-icon\" style=\"width: 0px; height: 0px;\"><\/div>\n        <\/div>\n            <div class=\"kksr-star\" style=\"padding-right: 0px\">\n            \n\n<div class=\"kksr-icon\" style=\"width: 0px; height: 0px;\"><\/div>\n        <\/div>\n            <div class=\"kksr-star\" style=\"padding-right: 0px\">\n            \n\n<div class=\"kksr-icon\" style=\"width: 0px; height: 0px;\"><\/div>\n        <\/div>\n            <div class=\"kksr-star\" style=\"padding-right: 0px\">\n            \n\n<div class=\"kksr-icon\" style=\"width: 0px; height: 0px;\"><\/div>\n        <\/div>\n            <div class=\"kksr-star\" style=\"padding-right: 0px\">\n            \n\n<div class=\"kksr-icon\" style=\"width: 0px; height: 0px;\"><\/div>\n        <\/div>\n    <\/div>\n<\/div>\n    \n<div class=\"kksr-legend\">\n            5\/5 - (4 votos)    <\/div>\n<\/div>\n<p>Hoy, en <a href=\"http:\/\/www.yourspanishwindow.com\" target=\"_blank\" rel=\"noopener noreferrer\">Your Spanish Window<\/a>, vamos a explicar <strong>cu\u00e1ndo usar el pret\u00e9rito perfecto de indicativo en espa\u00f1ol.<\/strong>\u00a0<\/p>\n<h2>C\u00f3mo formar el pret\u00e9rito perfecto<\/h2>\n<p>El pret\u00e9rito perfecto de indicativo se forma con el presente de indicativo del verbo<strong> haber<\/strong> y el <strong>participio<\/strong> del verbo que queremos usar.\u00a0<\/p>\n<h3>C\u00f3mo formar el participio<\/h3>\n<ol>\n<li>Los verbos que terminan en \u00ab<strong>-ar<\/strong>\u00bb forman su participio quitando \u00ab-ar\u00bb y a\u00f1adiendo \u00ab<strong>-ado<\/strong>\u00bb a la ra\u00edz del verbo:\n<p><strong>Cantar<\/strong> &#8211;&gt; Cant-ar &#8211;&gt; Cant-<strong>ado.<br \/><\/strong>Esta semana <strong>he cantado<\/strong> muchas veces en el karaoke.\u00a0<br \/><img class=\"aligncenter wp-image-1159\" title=\"karaoke-cuando-usar-preterito-perfecto-indicativo-espanol-das-perfekt\" src=\"http:\/\/yourspanishwindow.com\/blog\/wp-content\/uploads\/2018\/04\/karaoke-cuando-usar-preterito-perfecto-indicativo-espanol-das-perfekt.jpg\" alt=\"karaoke-cuando-usar-preterito-perfecto-indicativo-espanol-das-perfekt\" width=\"163\" height=\"268\" srcset=\"https:\/\/yourspanishwindow.com\/blog\/wp-content\/uploads\/2018\/04\/karaoke-cuando-usar-preterito-perfecto-indicativo-espanol-das-perfekt.jpg 230w, https:\/\/yourspanishwindow.com\/blog\/wp-content\/uploads\/2018\/04\/karaoke-cuando-usar-preterito-perfecto-indicativo-espanol-das-perfekt-183x300.jpg 183w\" sizes=\"(max-width: 163px) 100vw, 163px\" \/><\/p>\n<\/li>\n<li>Los verbos que terminan en \u00ab<strong>-er<\/strong>\u00bb e \u00ab<strong>-ir<\/strong>\u00bb forman su participio quitando \u00ab-er\u00bb o \u00ab-ir\u00bb y a\u00f1adiendo \u00ab<strong>-ido<\/strong>\u00bb a la ra\u00edz del verbo:\n<p><strong>Comer<\/strong> &#8211;&gt; Com-er &#8211;&gt; Com-<strong>ido<\/strong>.<br \/>Hoy <strong>he comido<\/strong>\u00a0pizza.<br \/><img class=\"aligncenter wp-image-1160\" title=\"comer-cuando-usar-preterito-perfecto-indicativo-espanol-das-perfekt\" src=\"http:\/\/yourspanishwindow.com\/blog\/wp-content\/uploads\/2018\/04\/comer-cuando-usar-preterito-perfecto-indicativo-espanol-das-perfekt.jpg\" alt=\"comer-cuando-usar-preterito-perfecto-indicativo-espanol-das-perfekt\" width=\"151\" height=\"172\" \/><strong>Repartir<\/strong> &#8211;&gt; Repart-ir &#8211;&gt; Repart-<strong>ido<\/strong>.<br \/>Ya <strong>he repartido<\/strong> los paquetes.\u00a0<br \/><img class=\"aligncenter wp-image-1161\" title=\"repartido-cuando-usar-preterito-perfecto-indicativo-espanol-das-perfekt\" src=\"http:\/\/yourspanishwindow.com\/blog\/wp-content\/uploads\/2018\/04\/repartido-cuando-usar-preterito-perfecto-indicativo-espanol-das-perfekt.jpg\" alt=\"repartido-cuando-usar-preterito-perfecto-indicativo-espanol-das-perfekt\" width=\"155\" height=\"208\" srcset=\"https:\/\/yourspanishwindow.com\/blog\/wp-content\/uploads\/2018\/04\/repartido-cuando-usar-preterito-perfecto-indicativo-espanol-das-perfekt.jpg 236w, https:\/\/yourspanishwindow.com\/blog\/wp-content\/uploads\/2018\/04\/repartido-cuando-usar-preterito-perfecto-indicativo-espanol-das-perfekt-224x300.jpg 224w\" sizes=\"(max-width: 155px) 100vw, 155px\" \/><\/p>\n<\/li>\n<\/ol>\n<h2><img class=\"aligncenter wp-image-1168\" title=\"cuando-usar-preterito-perfecto-indicativo-espanol-das-perfekt\" src=\"http:\/\/yourspanishwindow.com\/blog\/wp-content\/uploads\/2018\/04\/Pret\u00e9rito-perfecto-aprender-espa\u00f1ol-online.jpg\" alt=\"cuando-usar-preterito-perfecto-indicativo-espanol-das-perfekt\" width=\"631\" height=\"631\" srcset=\"https:\/\/yourspanishwindow.com\/blog\/wp-content\/uploads\/2018\/04\/Pret\u00e9rito-perfecto-aprender-espa\u00f1ol-online.jpg 1080w, https:\/\/yourspanishwindow.com\/blog\/wp-content\/uploads\/2018\/04\/Pret\u00e9rito-perfecto-aprender-espa\u00f1ol-online-150x150.jpg 150w, https:\/\/yourspanishwindow.com\/blog\/wp-content\/uploads\/2018\/04\/Pret\u00e9rito-perfecto-aprender-espa\u00f1ol-online-300x300.jpg 300w, https:\/\/yourspanishwindow.com\/blog\/wp-content\/uploads\/2018\/04\/Pret\u00e9rito-perfecto-aprender-espa\u00f1ol-online-768x768.jpg 768w, https:\/\/yourspanishwindow.com\/blog\/wp-content\/uploads\/2018\/04\/Pret\u00e9rito-perfecto-aprender-espa\u00f1ol-online-1024x1024.jpg 1024w, https:\/\/yourspanishwindow.com\/blog\/wp-content\/uploads\/2018\/04\/Pret\u00e9rito-perfecto-aprender-espa\u00f1ol-online-750x750.jpg 750w\" sizes=\"(max-width: 631px) 100vw, 631px\" \/><\/h2>\n<h2>Los verbos reflexivos y el pret\u00e9rito perfecto<\/h2>\n<p>\u00bfQu\u00e9 tenemos que hacer cuando el verbo que queremos conjugar es un verbo reflexivo?<\/p>\n<p>Los<strong> pronombres reflexivos<\/strong> tienen que ir siempre <strong>delante del verbo<\/strong>, en este caso el tiempo verbal es el pret\u00e9rito perfecto.<\/p>\n<ul>\n<li>Verbo: duchar<strong>se<\/strong>.<br \/>Hoy <strong>me<\/strong> he duchado con agua fr\u00eda.<br \/><img class=\"aligncenter wp-image-1171\" title=\"ducharse-cuando-usar-preterito-perfecto-indicativo-espanol-das-perfekt\" src=\"http:\/\/yourspanishwindow.com\/blog\/wp-content\/uploads\/2018\/04\/ducharse-cuando-usar-preterito-perfecto-indicativo-espanol-das-perfekt.jpg\" alt=\"ducharse-cuando-usar-preterito-perfecto-indicativo-espanol-das-perfekt\" width=\"140\" height=\"198\" \/><\/li>\n<li>Verbo: levantar<strong>se<\/strong>.<br \/>Hoy <strong>me<\/strong> he levantado a las ocho.<\/li>\n<li>Verbo: acostar<strong>se<\/strong>.<br \/>Esta semana <strong>me<\/strong> he acostado a las diez de la noche.<br \/><img class=\"aligncenter wp-image-1172\" title=\"acostarse-cuando-usar-preterito-perfecto-indicativo-espanol-das-perfekt\" src=\"http:\/\/yourspanishwindow.com\/blog\/wp-content\/uploads\/2018\/04\/acostarse-cuando-usar-preterito-perfecto-indicativo-espanol-das-perfekt.jpg\" alt=\"acostarse-cuando-usar-preterito-perfecto-indicativo-espanol-das-perfekt\" width=\"196\" height=\"228\" srcset=\"https:\/\/yourspanishwindow.com\/blog\/wp-content\/uploads\/2018\/04\/acostarse-cuando-usar-preterito-perfecto-indicativo-espanol-das-perfekt.jpg 299w, https:\/\/yourspanishwindow.com\/blog\/wp-content\/uploads\/2018\/04\/acostarse-cuando-usar-preterito-perfecto-indicativo-espanol-das-perfekt-259x300.jpg 259w\" sizes=\"(max-width: 196px) 100vw, 196px\" \/><\/li>\n<\/ul>\n<p>Conjugaci\u00f3n del verbo <strong>\u00abvestirse\u00bb<\/strong> en el pret\u00e9rito perfecto de indicativo:<\/p>\n<p><img class=\"aligncenter wp-image-1177\" title=\"verbos-reflexivos-cuando-usar-preterito-perfecto-indicativo-espanol-das-perfekt\" src=\"http:\/\/yourspanishwindow.com\/blog\/wp-content\/uploads\/2018\/04\/verbos-reflexivos-cuando-usar-preterito-perfecto-indicativo-espanol-das-perfekt.jpg\" alt=\"verbos-reflexivos-cuando-usar-preterito-perfecto-indicativo-espanol-das-perfekt\" width=\"535\" height=\"279\" srcset=\"https:\/\/yourspanishwindow.com\/blog\/wp-content\/uploads\/2018\/04\/verbos-reflexivos-cuando-usar-preterito-perfecto-indicativo-espanol-das-perfekt.jpg 675w, https:\/\/yourspanishwindow.com\/blog\/wp-content\/uploads\/2018\/04\/verbos-reflexivos-cuando-usar-preterito-perfecto-indicativo-espanol-das-perfekt-300x156.jpg 300w\" sizes=\"(max-width: 535px) 100vw, 535px\" \/><\/p>\n<p>Si quieres saber m\u00e1s sobre los verbos reflexivos (y el presente de indicativo), haz <a href=\"https:\/\/yourspanishwindow.com\/blog\/wie-bildet-man-prasens-im-spanischen\" target=\"_blank\" rel=\"noopener noreferrer\">\u00abclic\u00bb aqu\u00ed.<\/a><\/p>\n<h2>La negaci\u00f3n y el pret\u00e9rito perfecto<\/h2>\n<p>Al igual que con los verbos reflexivos, donde el pronombre va delante del verbo, la part\u00edcula \u00abno\u00bb ocupa el mismo lugar que \u00e9stos, es decir, va delante del verbo y de los pronombres reflexivos en caso de haberlos.\u00a0<\/p>\n<ul>\n<li>Verbo: ducharse.<br \/>Hoy <strong>no<\/strong> me he duchado con agua fr\u00eda.<\/li>\n<li>Verbo: comer.<br \/>Hoy <strong>no<\/strong> he comido en casa.<\/li>\n<\/ul>\n<h2>Usos del pret\u00e9rito perfecto<\/h2>\n<ol>\n<li>El pret\u00e9rito perfecto es un tiempo del pasado que se usa para hablar sobre un <strong>periodo de tiempo que a\u00fan no ha terminado<\/strong>. Estos hechos tienen una relaci\u00f3n con el presente. En este caso tenemos que usar los siguientes marcadores temporales: <strong>hoy, esta ma\u00f1ana, esta semana, este mes, este a\u00f1o, este verano, etc.<\/strong>\n<p><strong>Hoy<\/strong> me he levantado a las 8.<\/p>\n<p><strong>Esta ma\u00f1ana<\/strong> he le\u00eddo un art\u00edculo muy interesante.<\/p>\n<p><strong>Esta semana<\/strong> he trabajado mucho.<\/p>\n<p><strong>Esta primavera<\/strong> he ido a Portugal.<\/p>\n<\/li>\n<li>El pret\u00e9rito perfecto tambi\u00e9n se usa para hablar de hechos pasados cuyo momento es un poco ambiguo, es decir, no est\u00e1 claro. En este caso usamos los siguientes marcadores temporales: <strong>siempre, nunca, alguna vez, todav\u00eda no, ya, etc.<\/strong> Nos estamos refiriendo a lo que ha ocurrido hasta ahora.\n<p>\u00bfHas hecho <strong>ya<\/strong> la maleta?<br \/><img class=\"aligncenter wp-image-1174\" title=\"hacer-maleta-cuando-usar-preterito-perfecto-indicativo-espanol-das-perfekt\" src=\"http:\/\/yourspanishwindow.com\/blog\/wp-content\/uploads\/2018\/04\/hacer-maleta-cuando-usar-preterito-perfecto-indicativo-espanol-das-perfekt.jpg\" alt=\"hacer-maleta-cuando-usar-preterito-perfecto-indicativo-espanol-das-perfekt\" width=\"185\" height=\"167\" \/><\/p>\n<p><strong>Todav\u00eda no<\/strong> he ido a Nueva Zelanda.<\/p>\n<p>\u00bfHas comido sushi\u00a0<strong>alguna vez<\/strong>?<\/p>\n<\/li>\n<li>Tambi\u00e9n usamos el pret\u00e9rito perfecto <strong>para afirmar con total seguridad que algo va a ocurrir o va a estar terminado en el futuro.<\/strong> En este caso usamos como referencia un momento del futuro y declaramos que algo va a estar terminado en ese periodo de tiempo.\n<p>Ejemplo:<\/p>\n<p>Un ni\u00f1o est\u00e1 haciendo sus deberes y su madre entra en su habitaci\u00f3n para preguntarle si le queda mucho para terminar.<br \/>&#8211; \u00bfQu\u00e9 tal van los deberes? \u00bfNecesitas ayuda?<br \/>&#8211; No, gracias, mam\u00e1. <strong>En una hora<\/strong> los <strong>he terminado<\/strong>.\u00a0<br \/>El punto de referencia que usamos es \u00aben una hora\u00bb. Hablamos del periodo de tiempo que va desde el momento presente hasta ese momento futuro (una hora).<\/p>\n<\/li>\n<\/ol>\n<h2>Ejercicio para practicar el pret\u00e9rito perfecto<\/h2>\n<p>\u00a0<\/p>\n<p><iframe style=\"border: 0px; width: 100%; height: 500px;\" src=\"https:\/\/learningapps.org\/watch?v=pz23fh73518\" width=\"300\" height=\"150\"><\/iframe><\/p>\n\n\n<hr class=\"wp-block-separator\"\/>\n\n\n\n<h4>\u00bfHablamos?<\/h4>\n<h4><br \/>Reserva tu clase de espa\u00f1ol de prueba gratis y prep\u00e1rate un rico caf\u00e9 o t\u00e9 ?:\u00a0<\/h4>\n\n\n<div class=\"wp-block-jetpack-calendly calendly-style-inline\" id=\"calendly-block-1\"><\/div>","protected":false},"excerpt":{"rendered":"<p>5\/5 &#8211; (4 votos) Hoy, en Your Spanish Window, vamos a explicar cu\u00e1ndo usar el pret\u00e9rito perfecto de indicativo en espa\u00f1ol.\u00a0 C\u00f3mo formar el pret\u00e9rito perfecto El pret\u00e9rito perfecto de&hellip;<a href=\"https:\/\/yourspanishwindow.com\/blog\/cuando-usar-preterito-perfecto-indicativo-espanol-das-perfekt\" class=\"more-link\">Contin\u00faa leyendo <span class=\"screen-reader-text\">Cu\u00e1ndo usar el pret\u00e9rito perfecto de indicativo en espa\u00f1ol (Das Perfekt)<\/span><\/a><\/p>\n","protected":false},"author":2,"featured_media":1185,"comment_status":"open","ping_status":"open","sticky":false,"template":"","format":"standard","meta":{"spay_email":""},"categories":[1],"tags":[],"yoast_head":"<!-- This site is optimized with the Yoast SEO plugin v18.1 - https:\/\/yoast.com\/wordpress\/plugins\/seo\/ -->\n<title>Cu\u00e1ndo usar el pret\u00e9rito perfecto de indicativo en espa\u00f1ol (Das Perfekt)<\/title>\n<meta name=\"description\" content=\"Cu\u00e1ndo usar el pret\u00e9rito perfecto en espa\u00f1ol. C\u00f3mo formar el pret\u00e9rito perfecto. C\u00f3mo formar el participio. Verbo haber. Los verbos reflexivos y el pret\u00e9rito perfecto. La negaci\u00f3n y el pret\u00e9rito perfecto. Usos del pret\u00e9rito perfecto. Marcadores temporales.\" \/>\n<meta name=\"robots\" content=\"index, follow, max-snippet:-1, max-image-preview:large, max-video-preview:-1\" \/>\n<link rel=\"canonical\" href=\"https:\/\/yourspanishwindow.com\/blog\/cuando-usar-preterito-perfecto-indicativo-espanol-das-perfekt\" \/>\n<meta property=\"og:locale\" content=\"es_ES\" \/>\n<meta property=\"og:type\" content=\"article\" \/>\n<meta property=\"og:title\" content=\"Cu\u00e1ndo usar el pret\u00e9rito perfecto de indicativo en espa\u00f1ol (Das Perfekt)\" \/>\n<meta property=\"og:description\" content=\"Cu\u00e1ndo usar el pret\u00e9rito perfecto en espa\u00f1ol. C\u00f3mo formar el pret\u00e9rito perfecto. C\u00f3mo formar el participio. Verbo haber. Los verbos reflexivos y el pret\u00e9rito perfecto. La negaci\u00f3n y el pret\u00e9rito perfecto. Usos del pret\u00e9rito perfecto. Marcadores temporales.\" \/>\n<meta property=\"og:url\" content=\"https:\/\/yourspanishwindow.com\/blog\/cuando-usar-preterito-perfecto-indicativo-espanol-das-perfekt\" \/>\n<meta property=\"og:site_name\" content=\"BLOG Your Spanish Window\" \/>\n<meta property=\"article:publisher\" content=\"https:\/\/www.facebook.com\/yourspanishwindow\/\" \/>\n<meta property=\"article:published_time\" content=\"2018-04-27T09:05:14+00:00\" \/>\n<meta property=\"article:modified_time\" content=\"2021-01-21T10:26:53+00:00\" \/>\n<meta property=\"og:image\" content=\"https:\/\/yourspanishwindow.com\/blog\/wp-content\/uploads\/2018\/04\/cuando-usar-preterito-perfecto-indicativo-espanol-das-perfekt.jpg\" \/>\n\t<meta property=\"og:image:width\" content=\"940\" \/>\n\t<meta property=\"og:image:height\" content=\"788\" \/>\n\t<meta property=\"og:image:type\" content=\"image\/jpeg\" \/>\n<meta name=\"twitter:card\" content=\"summary_large_image\" \/>\n<meta name=\"twitter:label1\" content=\"Escrito por\" \/>\n\t<meta name=\"twitter:data1\" content=\"Mar\u00eda Mart\u00edn Sierra\" \/>\n\t<meta name=\"twitter:label2\" content=\"Tiempo de lectura\" \/>\n\t<meta name=\"twitter:data2\" content=\"3 minutos\" \/>\n<script type=\"application\/ld+json\" class=\"yoast-schema-graph\">{\"@context\":\"https:\/\/schema.org\",\"@graph\":[{\"@type\":\"Organization\",\"@id\":\"https:\/\/yourspanishwindow.com\/blog\/#organization\",\"name\":\"Your Spanish Window\",\"url\":\"https:\/\/yourspanishwindow.com\/blog\/\",\"sameAs\":[\"https:\/\/www.facebook.com\/yourspanishwindow\/\",\"https:\/\/www.youtube.com\/channel\/UCVw_pbvKeGQIfqSDENu3XlQ\"],\"logo\":{\"@type\":\"ImageObject\",\"@id\":\"https:\/\/yourspanishwindow.com\/blog\/#logo\",\"inLanguage\":\"es\",\"url\":\"https:\/\/yourspanishwindow.com\/blog\/wp-content\/uploads\/2017\/12\/logo-blue.png\",\"contentUrl\":\"https:\/\/yourspanishwindow.com\/blog\/wp-content\/uploads\/2017\/12\/logo-blue.png\",\"width\":606,\"height\":228,\"caption\":\"Your Spanish Window\"},\"image\":{\"@id\":\"https:\/\/yourspanishwindow.com\/blog\/#logo\"}},{\"@type\":\"WebSite\",\"@id\":\"https:\/\/yourspanishwindow.com\/blog\/#website\",\"url\":\"https:\/\/yourspanishwindow.com\/blog\/\",\"name\":\"BLOG Your Spanish Window\",\"description\":\"\",\"publisher\":{\"@id\":\"https:\/\/yourspanishwindow.com\/blog\/#organization\"},\"potentialAction\":[{\"@type\":\"SearchAction\",\"target\":{\"@type\":\"EntryPoint\",\"urlTemplate\":\"https:\/\/yourspanishwindow.com\/blog\/?s={search_term_string}\"},\"query-input\":\"required name=search_term_string\"}],\"inLanguage\":\"es\"},{\"@type\":\"ImageObject\",\"@id\":\"https:\/\/yourspanishwindow.com\/blog\/cuando-usar-preterito-perfecto-indicativo-espanol-das-perfekt#primaryimage\",\"inLanguage\":\"es\",\"url\":\"https:\/\/yourspanishwindow.com\/blog\/wp-content\/uploads\/2018\/04\/cuando-usar-preterito-perfecto-indicativo-espanol-das-perfekt.jpg\",\"contentUrl\":\"https:\/\/yourspanishwindow.com\/blog\/wp-content\/uploads\/2018\/04\/cuando-usar-preterito-perfecto-indicativo-espanol-das-perfekt.jpg\",\"width\":940,\"height\":788,\"caption\":\"cuando-usar-preterito-perfecto-indicativo-espanol-das-perfekt\"},{\"@type\":\"WebPage\",\"@id\":\"https:\/\/yourspanishwindow.com\/blog\/cuando-usar-preterito-perfecto-indicativo-espanol-das-perfekt#webpage\",\"url\":\"https:\/\/yourspanishwindow.com\/blog\/cuando-usar-preterito-perfecto-indicativo-espanol-das-perfekt\",\"name\":\"Cu\u00e1ndo usar el pret\u00e9rito perfecto de indicativo en espa\u00f1ol (Das Perfekt)\",\"isPartOf\":{\"@id\":\"https:\/\/yourspanishwindow.com\/blog\/#website\"},\"primaryImageOfPage\":{\"@id\":\"https:\/\/yourspanishwindow.com\/blog\/cuando-usar-preterito-perfecto-indicativo-espanol-das-perfekt#primaryimage\"},\"datePublished\":\"2018-04-27T09:05:14+00:00\",\"dateModified\":\"2021-01-21T10:26:53+00:00\",\"description\":\"Cu\u00e1ndo usar el pret\u00e9rito perfecto en espa\u00f1ol. C\u00f3mo formar el pret\u00e9rito perfecto. C\u00f3mo formar el participio. Verbo haber. Los verbos reflexivos y el pret\u00e9rito perfecto. La negaci\u00f3n y el pret\u00e9rito perfecto. Usos del pret\u00e9rito perfecto. Marcadores temporales.\",\"breadcrumb\":{\"@id\":\"https:\/\/yourspanishwindow.com\/blog\/cuando-usar-preterito-perfecto-indicativo-espanol-das-perfekt#breadcrumb\"},\"inLanguage\":\"es\",\"potentialAction\":[{\"@type\":\"ReadAction\",\"target\":[\"https:\/\/yourspanishwindow.com\/blog\/cuando-usar-preterito-perfecto-indicativo-espanol-das-perfekt\"]}]},{\"@type\":\"BreadcrumbList\",\"@id\":\"https:\/\/yourspanishwindow.com\/blog\/cuando-usar-preterito-perfecto-indicativo-espanol-das-perfekt#breadcrumb\",\"itemListElement\":[{\"@type\":\"ListItem\",\"position\":1,\"name\":\"Portada\",\"item\":\"https:\/\/yourspanishwindow.com\/blog\"},{\"@type\":\"ListItem\",\"position\":2,\"name\":\"Cu\u00e1ndo usar el pret\u00e9rito perfecto de indicativo en espa\u00f1ol (Das Perfekt)\"}]},{\"@type\":\"Article\",\"@id\":\"https:\/\/yourspanishwindow.com\/blog\/cuando-usar-preterito-perfecto-indicativo-espanol-das-perfekt#article\",\"isPartOf\":{\"@id\":\"https:\/\/yourspanishwindow.com\/blog\/cuando-usar-preterito-perfecto-indicativo-espanol-das-perfekt#webpage\"},\"author\":{\"@id\":\"https:\/\/yourspanishwindow.com\/blog\/#\/schema\/person\/9ea85f2d12b378d569af604ec2857e30\"},\"headline\":\"Cu\u00e1ndo usar el pret\u00e9rito perfecto de indicativo en espa\u00f1ol (Das Perfekt)\",\"datePublished\":\"2018-04-27T09:05:14+00:00\",\"dateModified\":\"2021-01-21T10:26:53+00:00\",\"mainEntityOfPage\":{\"@id\":\"https:\/\/yourspanishwindow.com\/blog\/cuando-usar-preterito-perfecto-indicativo-espanol-das-perfekt#webpage\"},\"wordCount\":632,\"commentCount\":4,\"publisher\":{\"@id\":\"https:\/\/yourspanishwindow.com\/blog\/#organization\"},\"image\":{\"@id\":\"https:\/\/yourspanishwindow.com\/blog\/cuando-usar-preterito-perfecto-indicativo-espanol-das-perfekt#primaryimage\"},\"thumbnailUrl\":\"https:\/\/yourspanishwindow.com\/blog\/wp-content\/uploads\/2018\/04\/cuando-usar-preterito-perfecto-indicativo-espanol-das-perfekt.jpg\",\"articleSection\":[\"Todo\"],\"inLanguage\":\"es\",\"potentialAction\":[{\"@type\":\"CommentAction\",\"name\":\"Comment\",\"target\":[\"https:\/\/yourspanishwindow.com\/blog\/cuando-usar-preterito-perfecto-indicativo-espanol-das-perfekt#respond\"]}]},{\"@type\":\"Person\",\"@id\":\"https:\/\/yourspanishwindow.com\/blog\/#\/schema\/person\/9ea85f2d12b378d569af604ec2857e30\",\"name\":\"Mar\u00eda Mart\u00edn Sierra\",\"image\":{\"@type\":\"ImageObject\",\"@id\":\"https:\/\/yourspanishwindow.com\/blog\/#personlogo\",\"inLanguage\":\"es\",\"url\":\"https:\/\/secure.gravatar.com\/avatar\/a80c8dbc48b87d9c47488219c4c4fea0?s=96&d=mm&r=g\",\"contentUrl\":\"https:\/\/secure.gravatar.com\/avatar\/a80c8dbc48b87d9c47488219c4c4fea0?s=96&d=mm&r=g\",\"caption\":\"Mar\u00eda Mart\u00edn Sierra\"}}]}<\/script>\n<!-- \/ Yoast SEO plugin. -->","yoast_head_json":{"title":"Cu\u00e1ndo usar el pret\u00e9rito perfecto de indicativo en espa\u00f1ol (Das Perfekt)","description":"Cu\u00e1ndo usar el pret\u00e9rito perfecto en espa\u00f1ol. C\u00f3mo formar el pret\u00e9rito perfecto. C\u00f3mo formar el participio. Verbo haber. Los verbos reflexivos y el pret\u00e9rito perfecto. La negaci\u00f3n y el pret\u00e9rito perfecto. Usos del pret\u00e9rito perfecto. Marcadores temporales.","robots":{"index":"index","follow":"follow","max-snippet":"max-snippet:-1","max-image-preview":"max-image-preview:large","max-video-preview":"max-video-preview:-1"},"canonical":"https:\/\/yourspanishwindow.com\/blog\/cuando-usar-preterito-perfecto-indicativo-espanol-das-perfekt","og_locale":"es_ES","og_type":"article","og_title":"Cu\u00e1ndo usar el pret\u00e9rito perfecto de indicativo en espa\u00f1ol (Das Perfekt)","og_description":"Cu\u00e1ndo usar el pret\u00e9rito perfecto en espa\u00f1ol. C\u00f3mo formar el pret\u00e9rito perfecto. C\u00f3mo formar el participio. Verbo haber. Los verbos reflexivos y el pret\u00e9rito perfecto. La negaci\u00f3n y el pret\u00e9rito perfecto. Usos del pret\u00e9rito perfecto. Marcadores temporales.","og_url":"https:\/\/yourspanishwindow.com\/blog\/cuando-usar-preterito-perfecto-indicativo-espanol-das-perfekt","og_site_name":"BLOG Your Spanish Window","article_publisher":"https:\/\/www.facebook.com\/yourspanishwindow\/","article_published_time":"2018-04-27T09:05:14+00:00","article_modified_time":"2021-01-21T10:26:53+00:00","og_image":[{"width":940,"height":788,"url":"https:\/\/yourspanishwindow.com\/blog\/wp-content\/uploads\/2018\/04\/cuando-usar-preterito-perfecto-indicativo-espanol-das-perfekt.jpg","type":"image\/jpeg"}],"twitter_card":"summary_large_image","twitter_misc":{"Escrito por":"Mar\u00eda Mart\u00edn Sierra","Tiempo de lectura":"3 minutos"},"schema":{"@context":"https:\/\/schema.org","@graph":[{"@type":"Organization","@id":"https:\/\/yourspanishwindow.com\/blog\/#organization","name":"Your Spanish Window","url":"https:\/\/yourspanishwindow.com\/blog\/","sameAs":["https:\/\/www.facebook.com\/yourspanishwindow\/","https:\/\/www.youtube.com\/channel\/UCVw_pbvKeGQIfqSDENu3XlQ"],"logo":{"@type":"ImageObject","@id":"https:\/\/yourspanishwindow.com\/blog\/#logo","inLanguage":"es","url":"https:\/\/yourspanishwindow.com\/blog\/wp-content\/uploads\/2017\/12\/logo-blue.png","contentUrl":"https:\/\/yourspanishwindow.com\/blog\/wp-content\/uploads\/2017\/12\/logo-blue.png","width":606,"height":228,"caption":"Your Spanish Window"},"image":{"@id":"https:\/\/yourspanishwindow.com\/blog\/#logo"}},{"@type":"WebSite","@id":"https:\/\/yourspanishwindow.com\/blog\/#website","url":"https:\/\/yourspanishwindow.com\/blog\/","name":"BLOG Your Spanish Window","description":"","publisher":{"@id":"https:\/\/yourspanishwindow.com\/blog\/#organization"},"potentialAction":[{"@type":"SearchAction","target":{"@type":"EntryPoint","urlTemplate":"https:\/\/yourspanishwindow.com\/blog\/?s={search_term_string}"},"query-input":"required name=search_term_string"}],"inLanguage":"es"},{"@type":"ImageObject","@id":"https:\/\/yourspanishwindow.com\/blog\/cuando-usar-preterito-perfecto-indicativo-espanol-das-perfekt#primaryimage","inLanguage":"es","url":"https:\/\/yourspanishwindow.com\/blog\/wp-content\/uploads\/2018\/04\/cuando-usar-preterito-perfecto-indicativo-espanol-das-perfekt.jpg","contentUrl":"https:\/\/yourspanishwindow.com\/blog\/wp-content\/uploads\/2018\/04\/cuando-usar-preterito-perfecto-indicativo-espanol-das-perfekt.jpg","width":940,"height":788,"caption":"cuando-usar-preterito-perfecto-indicativo-espanol-das-perfekt"},{"@type":"WebPage","@id":"https:\/\/yourspanishwindow.com\/blog\/cuando-usar-preterito-perfecto-indicativo-espanol-das-perfekt#webpage","url":"https:\/\/yourspanishwindow.com\/blog\/cuando-usar-preterito-perfecto-indicativo-espanol-das-perfekt","name":"Cu\u00e1ndo usar el pret\u00e9rito perfecto de indicativo en espa\u00f1ol (Das Perfekt)","isPartOf":{"@id":"https:\/\/yourspanishwindow.com\/blog\/#website"},"primaryImageOfPage":{"@id":"https:\/\/yourspanishwindow.com\/blog\/cuando-usar-preterito-perfecto-indicativo-espanol-das-perfekt#primaryimage"},"datePublished":"2018-04-27T09:05:14+00:00","dateModified":"2021-01-21T10:26:53+00:00","description":"Cu\u00e1ndo usar el pret\u00e9rito perfecto en espa\u00f1ol. C\u00f3mo formar el pret\u00e9rito perfecto. C\u00f3mo formar el participio. Verbo haber. Los verbos reflexivos y el pret\u00e9rito perfecto. La negaci\u00f3n y el pret\u00e9rito perfecto. Usos del pret\u00e9rito perfecto. Marcadores temporales.","breadcrumb":{"@id":"https:\/\/yourspanishwindow.com\/blog\/cuando-usar-preterito-perfecto-indicativo-espanol-das-perfekt#breadcrumb"},"inLanguage":"es","potentialAction":[{"@type":"ReadAction","target":["https:\/\/yourspanishwindow.com\/blog\/cuando-usar-preterito-perfecto-indicativo-espanol-das-perfekt"]}]},{"@type":"BreadcrumbList","@id":"https:\/\/yourspanishwindow.com\/blog\/cuando-usar-preterito-perfecto-indicativo-espanol-das-perfekt#breadcrumb","itemListElement":[{"@type":"ListItem","position":1,"name":"Portada","item":"https:\/\/yourspanishwindow.com\/blog"},{"@type":"ListItem","position":2,"name":"Cu\u00e1ndo usar el pret\u00e9rito perfecto de indicativo en espa\u00f1ol (Das Perfekt)"}]},{"@type":"Article","@id":"https:\/\/yourspanishwindow.com\/blog\/cuando-usar-preterito-perfecto-indicativo-espanol-das-perfekt#article","isPartOf":{"@id":"https:\/\/yourspanishwindow.com\/blog\/cuando-usar-preterito-perfecto-indicativo-espanol-das-perfekt#webpage"},"author":{"@id":"https:\/\/yourspanishwindow.com\/blog\/#\/schema\/person\/9ea85f2d12b378d569af604ec2857e30"},"headline":"Cu\u00e1ndo usar el pret\u00e9rito perfecto de indicativo en espa\u00f1ol (Das Perfekt)","datePublished":"2018-04-27T09:05:14+00:00","dateModified":"2021-01-21T10:26:53+00:00","mainEntityOfPage":{"@id":"https:\/\/yourspanishwindow.com\/blog\/cuando-usar-preterito-perfecto-indicativo-espanol-das-perfekt#webpage"},"wordCount":632,"commentCount":4,"publisher":{"@id":"https:\/\/yourspanishwindow.com\/blog\/#organization"},"image":{"@id":"https:\/\/yourspanishwindow.com\/blog\/cuando-usar-preterito-perfecto-indicativo-espanol-das-perfekt#primaryimage"},"thumbnailUrl":"https:\/\/yourspanishwindow.com\/blog\/wp-content\/uploads\/2018\/04\/cuando-usar-preterito-perfecto-indicativo-espanol-das-perfekt.jpg","articleSection":["Todo"],"inLanguage":"es","potentialAction":[{"@type":"CommentAction","name":"Comment","target":["https:\/\/yourspanishwindow.com\/blog\/cuando-usar-preterito-perfecto-indicativo-espanol-das-perfekt#respond"]}]},{"@type":"Person","@id":"https:\/\/yourspanishwindow.com\/blog\/#\/schema\/person\/9ea85f2d12b378d569af604ec2857e30","name":"Mar\u00eda Mart\u00edn Sierra","image":{"@type":"ImageObject","@id":"https:\/\/yourspanishwindow.com\/blog\/#personlogo","inLanguage":"es","url":"https:\/\/secure.gravatar.com\/avatar\/a80c8dbc48b87d9c47488219c4c4fea0?s=96&d=mm&r=g","contentUrl":"https:\/\/secure.gravatar.com\/avatar\/a80c8dbc48b87d9c47488219c4c4fea0?s=96&d=mm&r=g","caption":"Mar\u00eda Mart\u00edn Sierra"}}]}},"jetpack_featured_media_url":"https:\/\/yourspanishwindow.com\/blog\/wp-content\/uploads\/2018\/04\/cuando-usar-preterito-perfecto-indicativo-espanol-das-perfekt.jpg","_links":{"self":[{"href":"https:\/\/yourspanishwindow.com\/blog\/wp-json\/wp\/v2\/posts\/1156"}],"collection":[{"href":"https:\/\/yourspanishwindow.com\/blog\/wp-json\/wp\/v2\/posts"}],"about":[{"href":"https:\/\/yourspanishwindow.com\/blog\/wp-json\/wp\/v2\/types\/post"}],"author":[{"embeddable":true,"href":"https:\/\/yourspanishwindow.com\/blog\/wp-json\/wp\/v2\/users\/2"}],"replies":[{"embeddable":true,"href":"https:\/\/yourspanishwindow.com\/blog\/wp-json\/wp\/v2\/comments?post=1156"}],"version-history":[{"count":26,"href":"https:\/\/yourspanishwindow.com\/blog\/wp-json\/wp\/v2\/posts\/1156\/revisions"}],"predecessor-version":[{"id":2872,"href":"https:\/\/yourspanishwindow.com\/blog\/wp-json\/wp\/v2\/posts\/1156\/revisions\/2872"}],"wp:featuredmedia":[{"embeddable":true,"href":"https:\/\/yourspanishwindow.com\/blog\/wp-json\/wp\/v2\/media\/1185"}],"wp:attachment":[{"href":"https:\/\/yourspanishwindow.com\/blog\/wp-json\/wp\/v2\/media?parent=1156"}],"wp:term":[{"taxonomy":"category","embeddable":true,"href":"https:\/\/yourspanishwindow.com\/blog\/wp-json\/wp\/v2\/categories?post=1156"},{"taxonomy":"post_tag","embeddable":true,"href":"https:\/\/yourspanishwindow.com\/blog\/wp-json\/wp\/v2\/tags?post=1156"}],"curies":[{"name":"wp","href":"https:\/\/api.w.org\/{rel}","templated":true}]}}